{"id":4384,"date":"2024-09-03T09:27:11","date_gmt":"2024-09-03T09:27:11","guid":{"rendered":"https:\/\/infogandia.es\/?p=4384"},"modified":"2024-09-03T09:27:31","modified_gmt":"2024-09-03T09:27:31","slug":"gandia-se-suma-al-dia-mundial-de-la-salut-sexual-aquest-quatre-de-setembre","status":"publish","type":"post","link":"https:\/\/infogandia.es\/index.php\/2024\/09\/03\/gandia-se-suma-al-dia-mundial-de-la-salut-sexual-aquest-quatre-de-setembre\/","title":{"rendered":"Gandia se suma al Dia Mundial de la Salut Sexual aquest quatre de setembre"},"content":{"rendered":"\n<p>La regidora de Sanitat i Pol\u00edtiques Saludables, <strong>Liduvina Gil<\/strong>; l&#8217;edil d&#8217;Igualtat, <strong>Maribel Codina,<\/strong> i el doctor en Sexologia i president de Sex\u00f2legs sense Fronteres, <strong>Vicent Bataller<\/strong>, han presentat la programaci\u00f3 que es far\u00e0 aquest dimecres, 4 de setembre, amb motiu del Dia Mundial de la Salut Sexual.<br><br><em>&#8220;Es tracta d&#8217;una data que l&#8217;Associaci\u00f3 Mundial de la Salut Sexual va establir el 2010 per promoure la sexualitat com a aspecte essencial de l&#8217;\u00e9sser hum\u00e0 i un element de la salut reproductiva, que ha de ser satisfact\u00f2ria i segura&#8221;<\/em>, ha assenyalat Gil.<br><br><em>&#8220;A hores d&#8217;ara, la Unesco estima que hi ha m\u00e9s de 22 milions d&#8217;adolescents que necessiten informaci\u00f3, atenci\u00f3 m\u00e8dica i assessoria per evitar embarassos no desitjats i malalties de transmissi\u00f3 sexual&#8221;,<\/em> ha afegit.<br><br>Respecte al programa, la regidora ha explicat que dimecres la Biblioteca Central acollir\u00e0 la confer\u00e8ncia &#8216;<em>Salut sexual, drets i relacions positives<\/em>&#8216;, que el mateix Bataller impartir\u00e0 a partir de les 19 hores al primer pis de l&#8217;edifici.<br><br>A les 20 hores, s&#8217;inaugurar\u00e0 una exposici\u00f3 sobre drets sexuals, que es podr\u00e0 visitar al claustre de la Biblioteca fins al pr\u00f2xim 14 de setembre. &#8220;La mostra pret\u00e9n fomentar la comprensi\u00f3 i el respecte cap a la diversitat de les relacions, identitats i orientacions sexuals que hi ha&#8221;, ha comentat la regidora de Sanitat.<br><br>Per part seua, Codina ha assenyalat que el programa continuar\u00e0 amb els tallers de &#8216;L&#8217;er\u00f2tica de la tardor&#8217; i &#8216;Autoerotisme, plaer i relacions sexuals&#8217;, que seran oberts al p\u00fablic. &#8220;<em>Invite a tothom a assistir-hi perqu\u00e8 \u00e9s genial resoldre tots els dubtes sobre aquests temes de la m\u00e0 d&#8217;un professional com Bataller<\/em>&#8220;, ha esmentat.<br><br>Finalment, Bataller ha donat les gr\u00e0cies a les dues regidores per <em>&#8220;facilitar les pol\u00edtiques p\u00fabliques que actuen com a un factor protector de la salut sexual&#8221;<\/em>, i ha convidat tota la ciutadania a participar en les activitats d&#8217;aquest any, que s\u00f3n obertes al p\u00fablic i que <em>&#8220;parlen sobre les relacions positives que impliquen l&#8217;honestedat, la confian\u00e7a i el respecte, valors molt necessaris per a posar fi a la viol\u00e8ncia masclista&#8221;.<\/em><\/p>\n","protected":false},"excerpt":{"rendered":"<p>La regidora de Sanitat i Pol\u00edtiques Saludables, Liduvina Gil; l&#8217;edil d&#8217;Igualtat, Maribel Codina, i el doctor en Sexologia i president de Sex\u00f2legs sense Fronteres, Vicent Bataller, han presentat la programaci\u00f3 que es far\u00e0 aquest dimecres, 4 de setembre, amb motiu del Dia Mundial de la Salut Sexual. &#8220;Es tracta d&#8217;una data que l&#8217;Associaci\u00f3 Mundial de&#8230;<\/p>\n","protected":false},"author":1,"featured_media":4385,"comment_status":"open","ping_status":"open","sticky":false,"template":"","format":"standard","meta":{"footnotes":""},"categories":[1,27],"tags":[],"class_list":["post-4384","post","type-post","status-publish","format-standard","has-post-thumbnail","hentry","category-actualidad","category-sociedad"],"_links":{"self":[{"href":"https:\/\/infogandia.es\/index.php\/wp-json\/wp\/v2\/posts\/4384","targetHints":{"allow":["GET"]}}],"collection":[{"href":"https:\/\/infogandia.es\/index.php\/wp-json\/wp\/v2\/posts"}],"about":[{"href":"https:\/\/infogandia.es\/index.php\/wp-json\/wp\/v2\/types\/post"}],"author":[{"embeddable":true,"href":"https:\/\/infogandia.es\/index.php\/wp-json\/wp\/v2\/users\/1"}],"replies":[{"embeddable":true,"href":"https:\/\/infogandia.es\/index.php\/wp-json\/wp\/v2\/comments?post=4384"}],"version-history":[{"count":1,"href":"https:\/\/infogandia.es\/index.php\/wp-json\/wp\/v2\/posts\/4384\/revisions"}],"predecessor-version":[{"id":4386,"href":"https:\/\/infogandia.es\/index.php\/wp-json\/wp\/v2\/posts\/4384\/revisions\/4386"}],"wp:featuredmedia":[{"embeddable":true,"href":"https:\/\/infogandia.es\/index.php\/wp-json\/wp\/v2\/media\/4385"}],"wp:attachment":[{"href":"https:\/\/infogandia.es\/index.php\/wp-json\/wp\/v2\/media?parent=4384"}],"wp:term":[{"taxonomy":"category","embeddable":true,"href":"https:\/\/infogandia.es\/index.php\/wp-json\/wp\/v2\/categories?post=4384"},{"taxonomy":"post_tag","embeddable":true,"href":"https:\/\/infogandia.es\/index.php\/wp-json\/wp\/v2\/tags?post=4384"}],"curies":[{"name":"wp","href":"https:\/\/api.w.org\/{rel}","templated":true}]}}