{"id":4390,"date":"2024-09-04T07:04:05","date_gmt":"2024-09-04T07:04:05","guid":{"rendered":"https:\/\/infogandia.es\/?p=4390"},"modified":"2024-09-04T07:04:05","modified_gmt":"2024-09-04T07:04:05","slug":"las-fiestas-del-raval-comienzan-este-fin-de-semana-en-gandia","status":"publish","type":"post","link":"https:\/\/infogandia.es\/index.php\/2024\/09\/04\/las-fiestas-del-raval-comienzan-este-fin-de-semana-en-gandia\/","title":{"rendered":"Las Fiestas del Raval comienzan este fin de semana en Gandia"},"content":{"rendered":"\n<p>La presidenta de la Junta de Distrito del Raval, Maribel Codina; el presidente de la Asociaci\u00f3n de Vecinos del Raval-Gandia (AVRG), Diego Morant, y el tesorero del colectivo, Paco Perell\u00f3, han comparecido esta ma\u00f1ana en rueda de prensa para presentar las actividades que se enmarcan dentro de la celebraci\u00f3n en honor al Ecce Homo. Estas actividades se desarrollar\u00e1n el 7 de septiembre y del 13 al 15 del mismo mes en el barrio.<\/p>\n\n\n\n<p>La concejala ha querido agradecer la implicaci\u00f3n de la asociaci\u00f3n vecinal, los patrocinadores y los colectivos del Raval que, &#8220;cada a\u00f1o trabajan arduamente para organizar el amplio programa de actividades que hoy presentamos. Las fiestas son un motor dinamizador del barrio y permiten que muchas personas se acerquen a visitarnos con la excusa de las festividades&#8221;.<\/p>\n\n\n\n<p>Por su parte, Morant ha explicado que la portada del folleto de este a\u00f1o ha sido realizada tras organizar un concurso entre los alumnos del colegio San Francisco de Borja. Adem\u00e1s, el presidente ha resaltado la importancia del tejido vecinal y asociativo del barrio, que, gracias al trabajo de todos, permite que las fiestas sean una realidad a\u00f1o tras a\u00f1o.<\/p>\n\n\n\n<p>Finalmente, Perell\u00f3 ha destacado que se trata de una programaci\u00f3n dise\u00f1ada para todos los grupos de edad y abierta a la participaci\u00f3n de cualquiera que desee visitar el Raval durante estos d\u00edas.<\/p>\n\n\n\n<h3 class=\"wp-block-heading\">PROGRAMA DE FIESTAS 2024<\/h3>\n\n\n\n<p><strong>S\u00e1bado 7 de septiembre<\/strong><br>20:30 h.- Pasacalle desde la plaza de San Jos\u00e9 hasta la Casa de la Marquesa Gonz\u00e1lez de Quir\u00f3s.<br>21:00 h.- Presentaci\u00f3n de los Mayordomos 2024 en la Casa de la Marquesa de Quir\u00f3s, amenizada por el Grupo Pols i Plectre Quartet.<\/p>\n\n\n\n<p><strong>Viernes 13 de septiembre<\/strong><br>18:00 h.- Actuaci\u00f3n para los m\u00e1s peque\u00f1os a cargo del Mago Ferran en la plaza de San Jos\u00e9.<br>19:00 h.- Merienda con horchata para los m\u00e1s peque\u00f1os, en la plaza de San Jos\u00e9.<br>20:00 h.- Preg\u00f3n a cargo del Pregonero, que anunciar\u00e1 el inicio de las Fiestas 2024 y pasacalle por el barrio.<br>22:00 h.- Cena popular de bocadillo en la Plazuela de San Jos\u00e9.<br>23:30 h.- Verbena.<\/p>\n\n\n\n<p><strong>S\u00e1bado 14 de septiembre<\/strong><br>09:30 h.- Desayuno popular de bocadillo, en la plaza de San Jos\u00e9.<br>11:00 h.- Juegos organizados por los Scouts.<br>14:00 h.- Festival Gastron\u00f3mico en la plazuela de San Jos\u00e9 (cada familia traer\u00e1 el plato que m\u00e1s le guste, &#8220;arroz al horno o bonito&#8221;).<br>22:00 h.- Cena del D\u00eda del Vecino. Plaza de San Jos\u00e9.<br>23:30 h.- Verbena.<\/p>\n\n\n\n<p><strong>Domingo 15 de septiembre<\/strong><br>12:30 h.- Inicio del concurso de paellas en la plaza del Tirant. Inscripciones en el Centro Social del Raval hasta el viernes 13 y en los tel\u00e9fonos 696 625 758 \/ 620 017 669.<br>14:30 h.- Comida de las paellas en el Paseo German\u00edas (tramo &#8220;L\u2019Amorosa&#8221;), y al finalizar, entrega de premios a las tres mejores.<br>19:00 h.- Recogida de los Mayordomos, pasacalle hasta la iglesia de San Jos\u00e9, acompa\u00f1ados por la Junta Directiva.<br>19:30 h.- Solemne misa en honor al Sant\u00edsimo Ecce Homo, en la iglesia de San Jos\u00e9.<br>20:00 h.- Procesi\u00f3n del Sant\u00edsimo Ecce Homo por las calles del barrio, acompa\u00f1ada por la Agrupaci\u00f3n Musical Santo Sepulcro Raval Gandia.<\/p>\n\n\n\n<p><strong>Final de fiesta con un castillo de fuegos artificiales.<\/strong><\/p>\n","protected":false},"excerpt":{"rendered":"<p>La presidenta de la Junta de Distrito del Raval, Maribel Codina; el presidente de la Asociaci\u00f3n de Vecinos del Raval-Gandia (AVRG), Diego Morant, y el tesorero del colectivo, Paco Perell\u00f3, han comparecido esta ma\u00f1ana en rueda de prensa para presentar las actividades que se enmarcan dentro de la celebraci\u00f3n en honor al Ecce Homo. Estas&#8230;<\/p>\n","protected":false},"author":1,"featured_media":4391,"comment_status":"open","ping_status":"open","sticky":false,"template":"","format":"standard","meta":{"footnotes":""},"categories":[1,27],"tags":[],"class_list":["post-4390","post","type-post","status-publish","format-standard","has-post-thumbnail","hentry","category-actualidad","category-sociedad"],"_links":{"self":[{"href":"https:\/\/infogandia.es\/index.php\/wp-json\/wp\/v2\/posts\/4390","targetHints":{"allow":["GET"]}}],"collection":[{"href":"https:\/\/infogandia.es\/index.php\/wp-json\/wp\/v2\/posts"}],"about":[{"href":"https:\/\/infogandia.es\/index.php\/wp-json\/wp\/v2\/types\/post"}],"author":[{"embeddable":true,"href":"https:\/\/infogandia.es\/index.php\/wp-json\/wp\/v2\/users\/1"}],"replies":[{"embeddable":true,"href":"https:\/\/infogandia.es\/index.php\/wp-json\/wp\/v2\/comments?post=4390"}],"version-history":[{"count":1,"href":"https:\/\/infogandia.es\/index.php\/wp-json\/wp\/v2\/posts\/4390\/revisions"}],"predecessor-version":[{"id":4392,"href":"https:\/\/infogandia.es\/index.php\/wp-json\/wp\/v2\/posts\/4390\/revisions\/4392"}],"wp:featuredmedia":[{"embeddable":true,"href":"https:\/\/infogandia.es\/index.php\/wp-json\/wp\/v2\/media\/4391"}],"wp:attachment":[{"href":"https:\/\/infogandia.es\/index.php\/wp-json\/wp\/v2\/media?parent=4390"}],"wp:term":[{"taxonomy":"category","embeddable":true,"href":"https:\/\/infogandia.es\/index.php\/wp-json\/wp\/v2\/categories?post=4390"},{"taxonomy":"post_tag","embeddable":true,"href":"https:\/\/infogandia.es\/index.php\/wp-json\/wp\/v2\/tags?post=4390"}],"curies":[{"name":"wp","href":"https:\/\/api.w.org\/{rel}","templated":true}]}}