{"id":4396,"date":"2024-09-04T10:04:07","date_gmt":"2024-09-04T10:04:07","guid":{"rendered":"https:\/\/infogandia.es\/?p=4396"},"modified":"2024-09-04T10:04:08","modified_gmt":"2024-09-04T10:04:08","slug":"la-concejalia-de-participacion-ciudadana-del-ayuntamiento-de-villalonga-tueresvillalonga-para-fortalecer-el-tejido-asociativo-del-municipio","status":"publish","type":"post","link":"https:\/\/infogandia.es\/index.php\/2024\/09\/04\/la-concejalia-de-participacion-ciudadana-del-ayuntamiento-de-villalonga-tueresvillalonga-para-fortalecer-el-tejido-asociativo-del-municipio\/","title":{"rendered":"La Concejal\u00eda de Participaci\u00f3n Ciudadana del Ayuntamiento de Villalonga \u201c#TuEresVillalonga\u201d para fortalecer el tejido asociativo del municipio"},"content":{"rendered":"\n<p>La Concejal\u00eda de Participaci\u00f3n Ciudadana del Ayuntamiento de Villalonga, liderada por Jonatan Ruiz, ha puesto en marcha un nuevo proyecto llamado \u201c#TuEresVillalonga\u201d para fortalecer el tejido asociativo del municipio.<\/p>\n\n\n\n<p>Este proyecto tiene como finalidad apoyar y consolidar las asociaciones y entidades locales, promoviendo su creaci\u00f3n y desarrollo. El lanzamiento oficial se realiz\u00f3 con la formaci\u00f3n del grupo Motor, en un acto que cont\u00f3 con la presencia del alcalde de Villalonga, Juan Jos\u00e9 Sanchis, y el concejal de Participaci\u00f3n Ciudadana, Jonatan Ruiz.<\/p>\n\n\n\n<p>Financiado por la Generalitat Valenciana y la Diputaci\u00f3n de Val\u00e8ncia, el proyecto tambi\u00e9n pretende realizar un diagn\u00f3stico de la situaci\u00f3n actual del asociacionismo en Villalonga, con el fin de proporcionar espacios y recursos que beneficien a las entidades sociales. Adem\u00e1s, se crear\u00e1 una Red Local de Cooperaci\u00f3n de Asociaciones para fomentar la colaboraci\u00f3n entre las distintas agrupaciones de vecinos.<\/p>\n\n\n\n<p>M\u00e1s adelante, se llevar\u00e1 a cabo un video participativo en el que las asociaciones locales explicar\u00e1n a la comunidad la importancia de la participaci\u00f3n ciudadana organizada. Como culminaci\u00f3n del proyecto, se celebrar\u00e1 un Encuentro del tejido asociativo de Villalonga.<\/p>\n","protected":false},"excerpt":{"rendered":"<p>La Concejal\u00eda de Participaci\u00f3n Ciudadana del Ayuntamiento de Villalonga \u201c#TuEresVillalonga\u201d para fortalecer el tejido asociativo del municipio<\/p>\n","protected":false},"author":1,"featured_media":4397,"comment_status":"open","ping_status":"open","sticky":false,"template":"","format":"standard","meta":{"footnotes":""},"categories":[1],"tags":[],"class_list":["post-4396","post","type-post","status-publish","format-standard","has-post-thumbnail","hentry","category-actualidad"],"_links":{"self":[{"href":"https:\/\/infogandia.es\/index.php\/wp-json\/wp\/v2\/posts\/4396","targetHints":{"allow":["GET"]}}],"collection":[{"href":"https:\/\/infogandia.es\/index.php\/wp-json\/wp\/v2\/posts"}],"about":[{"href":"https:\/\/infogandia.es\/index.php\/wp-json\/wp\/v2\/types\/post"}],"author":[{"embeddable":true,"href":"https:\/\/infogandia.es\/index.php\/wp-json\/wp\/v2\/users\/1"}],"replies":[{"embeddable":true,"href":"https:\/\/infogandia.es\/index.php\/wp-json\/wp\/v2\/comments?post=4396"}],"version-history":[{"count":1,"href":"https:\/\/infogandia.es\/index.php\/wp-json\/wp\/v2\/posts\/4396\/revisions"}],"predecessor-version":[{"id":4398,"href":"https:\/\/infogandia.es\/index.php\/wp-json\/wp\/v2\/posts\/4396\/revisions\/4398"}],"wp:featuredmedia":[{"embeddable":true,"href":"https:\/\/infogandia.es\/index.php\/wp-json\/wp\/v2\/media\/4397"}],"wp:attachment":[{"href":"https:\/\/infogandia.es\/index.php\/wp-json\/wp\/v2\/media?parent=4396"}],"wp:term":[{"taxonomy":"category","embeddable":true,"href":"https:\/\/infogandia.es\/index.php\/wp-json\/wp\/v2\/categories?post=4396"},{"taxonomy":"post_tag","embeddable":true,"href":"https:\/\/infogandia.es\/index.php\/wp-json\/wp\/v2\/tags?post=4396"}],"curies":[{"name":"wp","href":"https:\/\/api.w.org\/{rel}","templated":true}]}}