{"id":4405,"date":"2024-09-05T18:49:35","date_gmt":"2024-09-05T18:49:35","guid":{"rendered":"https:\/\/infogandia.es\/?p=4405"},"modified":"2024-09-05T18:49:35","modified_gmt":"2024-09-05T18:49:35","slug":"el-alcalde-de-gandia-reune-a-la-mesa-de-dialogo-social-y-anuncia-el-consejo-economico-y-social-para-el-23-de-septiembre","status":"publish","type":"post","link":"https:\/\/infogandia.es\/index.php\/2024\/09\/05\/el-alcalde-de-gandia-reune-a-la-mesa-de-dialogo-social-y-anuncia-el-consejo-economico-y-social-para-el-23-de-septiembre\/","title":{"rendered":"El alcalde de Gandia re\u00fane a la Mesa de Di\u00e1logo Social y anuncia el Consejo Econ\u00f3mico y Social para el 23 de septiembre"},"content":{"rendered":"\n<p>El alcalde de Gandia, Jos\u00e9 Manuel Prieto, ha convocado esta ma\u00f1ana a la Mesa de Di\u00e1logo Social con motivo del inicio del curso pol\u00edtico. En la reuni\u00f3n participaron Juan Pablo Tur y Ram\u00f3n Soler, presidente y vicepresidente de FAES, respectivamente; Ra\u00fcl Rosell\u00f3, secretario general comarcal de UGT-PV para La Ribera, Safor, Vall d&#8217;Albaida, Costera y Canal de Navarr\u00e9s; y Vanesa Gonz\u00e1lez, secretaria de Empleo de la Uni\u00f3n Intercomarcal CCOO Ribera-Safor.<\/p>\n\n\n\n<p>Durante el encuentro, el alcalde expuso las l\u00edneas estrat\u00e9gicas que guiar\u00e1n la acci\u00f3n del gobierno local en este curso pol\u00edtico y anunci\u00f3 la convocatoria del Consejo Econ\u00f3mico y Social para el pr\u00f3ximo 23 de septiembre.<\/p>\n\n\n\n<p>Prieto explic\u00f3 que en la sesi\u00f3n del Consejo Econ\u00f3mico y Social de Gandia se presentar\u00e1n <strong><em>&#8220;las medidas destinadas a impulsar la ciudad y apoyar a los sectores productivos y estrat\u00e9gicos de Gandia&#8221;<\/em><\/strong>. Adem\u00e1s, subray\u00f3 la relevancia del di\u00e1logo social como herramienta clave para alcanzar <strong><em>&#8220;consensos y acuerdos que permitan implementar medidas que hagan avanzar la ciudad en cuestiones fundamentales&#8221;.<\/em><\/strong><\/p>\n\n\n\n<p>Entre los temas que se abordar\u00e1n, Prieto adelant\u00f3 que se discutir\u00e1n medidas para impulsar el comercio y la vivienda, junto con propuestas para mejorar las conexiones, basadas en los protocolos de Infraestructuras del Ministerio y la Generalitat.<\/p>\n\n\n\n<p><strong><em>&#8220;Quiero que el pacto por las Infraestructuras reciba el apoyo de los agentes sociales y de los partidos pol\u00edticos con representaci\u00f3n en el Ayuntamiento de Gandia&#8221;<\/em><\/strong>, afirm\u00f3 Prieto, quien concluy\u00f3 expresando su deseo de que el consenso, el di\u00e1logo y el acuerdo sean las bases para <strong><em>&#8220;establecer objetivos que hagan de este curso pol\u00edtico uno fruct\u00edfero, que responda a las demandas de la ciudadan\u00eda y de los sectores productivos&#8221;.<\/em><\/strong><\/p>\n","protected":false},"excerpt":{"rendered":"<p>El alcalde de Gandia, Jos\u00e9 Manuel Prieto, ha convocado esta ma\u00f1ana a la Mesa de Di\u00e1logo Social con motivo del inicio del curso pol\u00edtico. En la reuni\u00f3n participaron Juan Pablo Tur y Ram\u00f3n Soler, presidente y vicepresidente de FAES, respectivamente; Ra\u00fcl Rosell\u00f3, secretario general comarcal de UGT-PV para La Ribera, Safor, Vall d&#8217;Albaida, Costera y&#8230;<\/p>\n","protected":false},"author":1,"featured_media":4406,"comment_status":"open","ping_status":"open","sticky":false,"template":"","format":"standard","meta":{"footnotes":""},"categories":[1],"tags":[],"class_list":["post-4405","post","type-post","status-publish","format-standard","has-post-thumbnail","hentry","category-actualidad"],"_links":{"self":[{"href":"https:\/\/infogandia.es\/index.php\/wp-json\/wp\/v2\/posts\/4405","targetHints":{"allow":["GET"]}}],"collection":[{"href":"https:\/\/infogandia.es\/index.php\/wp-json\/wp\/v2\/posts"}],"about":[{"href":"https:\/\/infogandia.es\/index.php\/wp-json\/wp\/v2\/types\/post"}],"author":[{"embeddable":true,"href":"https:\/\/infogandia.es\/index.php\/wp-json\/wp\/v2\/users\/1"}],"replies":[{"embeddable":true,"href":"https:\/\/infogandia.es\/index.php\/wp-json\/wp\/v2\/comments?post=4405"}],"version-history":[{"count":1,"href":"https:\/\/infogandia.es\/index.php\/wp-json\/wp\/v2\/posts\/4405\/revisions"}],"predecessor-version":[{"id":4407,"href":"https:\/\/infogandia.es\/index.php\/wp-json\/wp\/v2\/posts\/4405\/revisions\/4407"}],"wp:featuredmedia":[{"embeddable":true,"href":"https:\/\/infogandia.es\/index.php\/wp-json\/wp\/v2\/media\/4406"}],"wp:attachment":[{"href":"https:\/\/infogandia.es\/index.php\/wp-json\/wp\/v2\/media?parent=4405"}],"wp:term":[{"taxonomy":"category","embeddable":true,"href":"https:\/\/infogandia.es\/index.php\/wp-json\/wp\/v2\/categories?post=4405"},{"taxonomy":"post_tag","embeddable":true,"href":"https:\/\/infogandia.es\/index.php\/wp-json\/wp\/v2\/tags?post=4405"}],"curies":[{"name":"wp","href":"https:\/\/api.w.org\/{rel}","templated":true}]}}