{"id":4408,"date":"2024-09-05T20:39:39","date_gmt":"2024-09-05T20:39:39","guid":{"rendered":"https:\/\/infogandia.es\/?p=4408"},"modified":"2024-09-06T07:58:34","modified_gmt":"2024-09-06T07:58:34","slug":"emotiva-jornada-en-la-colegiata-de-gandia-ninos-y-familias-viven-su-primer-encuentro-con-el-mar-en-un-evento-inolvidable","status":"publish","type":"post","link":"https:\/\/infogandia.es\/index.php\/2024\/09\/05\/emotiva-jornada-en-la-colegiata-de-gandia-ninos-y-familias-viven-su-primer-encuentro-con-el-mar-en-un-evento-inolvidable\/","title":{"rendered":"Emotiva Jornada en la Colegiata de Gandia: Ni\u00f1os y Familias Viven su Primer Encuentro con el Mar en un Evento Inolvidable"},"content":{"rendered":"\n<p>El pasado jueves 5 de septiembre, se vivi\u00f3 en Gandia un acontecimiento que quedar\u00e1 grabado en la memoria de todos los participantes, un evento lleno de emociones, risas y l\u00e1grimas de felicidad. Bajo el lema<strong> &#8220;Conoce la Playa&#8221;<\/strong>, un grupo de 30 ni\u00f1os y sus familias pudo vivir una experiencia que, para muchos de ellos, era un sue\u00f1o largamente esperado: ver el mar por primera vez. Esta iniciativa, organizada por la Insigne Colegiata de Gandia y la Fundaci\u00f3n Mensajeros de la Paz, liderada por el carism\u00e1tico padre \u00c1ngel Garc\u00eda, logr\u00f3 reunir a familias en situaci\u00f3n de vulnerabilidad y ofrecerles una oportunidad \u00fanica, cargada de momentos inolvidables.<\/p>\n\n\n\n<p>Desde el primer momento, la emoci\u00f3n se palpaba en el ambiente. La llegada de los ni\u00f1os y sus familias al Preventorio Infantil Nuestra Se\u00f1ora del Amparo, situado en el Real de Gandia, marc\u00f3 el inicio de una jornada que promet\u00eda ser m\u00e1gica. Fueron recibidos con calidez y cari\u00f1o en una presentaci\u00f3n oficial que tuvo lugar en la Insigne Colegiata de Gandia. En el acto de bienvenida, el abad de Gandia, \u00c1ngel Saneugenio, en un tono hist\u00f3rico, el Abad record\u00f3 la construcci\u00f3n de la iglesia en la que se encontraban, iniciada en el siglo XIII y finalizada en 1499 por la duquesa Mar\u00eda Henr\u00edquez, abuela de San Francisco de Borja. <strong><em>&#8220;Esta iglesia solamente era la mitad [&#8230;] Ella construy\u00f3 las cuatro \u00faltimas capillas y ha quedado esta iglesia tan bonita, sencilla, pero bonita&#8221;,<\/em><\/strong> explic\u00f3.<\/p>\n\n\n\n<p>El Abad tambi\u00e9n reflexion\u00f3 sobre la misi\u00f3n cristiana de <strong><em>&#8220;amaos unos a otros&#8221;<\/em><\/strong> y destac\u00f3 la importancia de la colaboraci\u00f3n y el amor fraternal que se ha demostrado en este evento. Agradeci\u00f3 a Pepe Garc\u00eda y a todos los que hicieron posible la visita, asegurando que en Gand\u00eda no hay distinciones: <strong><em>&#8220;Todos somos hijos de Dios y todos somos herederos de \u00e9l&#8221;.<\/em><\/strong><\/p>\n\n\n\n<p>Finalmente, expres\u00f3 sus mejores deseos a los presentes: <strong><em>&#8220;Bienvenidos, que disfrut\u00e9is mucho, que lo pas\u00e9is muy bien y que luego dig\u00e1is despu\u00e9s de Madrid, Valencia y Gand\u00eda, lo mejor&#8221;.<\/em><\/strong><\/p>\n\n\n\n<figure class=\"wp-block-video\"><video height=\"480\" style=\"aspect-ratio: 854 \/ 480;\" width=\"854\" controls src=\"https:\/\/infogandia.es\/wp-content\/uploads\/2024\/09\/abad.mp4\"><\/video><\/figure>\n\n\n\n<p>El padre \u00c1ngel Garc\u00eda, por su parte, comparti\u00f3 sus sentimientos sobre el evento: <strong><em>\u201cEstamos felices de estar aqu\u00ed. En esta preciosa colegiata, aunque hay muchos tesoros, vosotros sois los verdaderos tesoros de la Iglesia\u201d<\/em><\/strong>. Record\u00f3 con emoci\u00f3n su propia experiencia de ver el mar por primera vez a los 12 a\u00f1os, y anim\u00f3 a los ni\u00f1os a disfrutar del mar, describi\u00e9ndolo como <strong><em>\u201cuna maravilla de la creaci\u00f3n de Dios\u201d.<\/em><\/strong><\/p>\n\n\n\n<figure class=\"wp-block-video\"><video height=\"480\" style=\"aspect-ratio: 854 \/ 480;\" width=\"854\" controls src=\"https:\/\/infogandia.es\/wp-content\/uploads\/2024\/09\/angel.mp4\"><\/video><\/figure>\n\n\n\n<p>Las jornadas se desarrollaron en un ambiente de compa\u00f1erismo y alegr\u00eda, donde cada detalle estaba cuidadosamente planeado para que los ni\u00f1os y sus familias pudieran disfrutar al m\u00e1ximo de la experiencia. La playa de Gandia se convirti\u00f3 en el escenario de juegos, risas y descubrimientos. Los ni\u00f1os, muchos de los cuales nunca antes hab\u00edan visto el mar, se dejaron llevar por la fascinaci\u00f3n de las olas, el tacto de la arena y el horizonte infinito que se desplegaba ante sus ojos. Fueron momentos de pura felicidad, en los que la naturaleza se revelaba en todo su esplendor para aquellos que la descubr\u00edan por primera vez. Las actividades en la playa incluyeron desde juegos organizados hasta momentos de relajaci\u00f3n bajo el sol, permitiendo que los ni\u00f1os disfrutaran de la libertad y la alegr\u00eda que ofrece el mar.<\/p>\n\n\n\n<p>Guti\u00e9rrez explic\u00f3 el origen del proyecto: <strong><em>\u201c\u00bfTodo esto surgi\u00f3 de una pregunta de qu\u00e9 te gustar\u00eda que pasase con los ni\u00f1os de mensajeros? Y se me ocurri\u00f3 decir que conozcan la playa, que conozcan el mar. Y pocos meses despu\u00e9s, aqu\u00ed estamos\u201d.<\/em><\/strong> Adem\u00e1s, anunci\u00f3 que el grupo disfrutar\u00eda de un d\u00eda completo en la playa, seguido de una visita cultural a la colegiata y al ayuntamiento antes de regresar a Madrid para el inicio del curso escolar.<\/p>\n\n\n\n<p>Finalmente, agradeci\u00f3 a Pepe, un colaborador clave en la organizaci\u00f3n del evento, y concluy\u00f3 con un mensaje de esperanza para el pr\u00f3ximo a\u00f1o: <strong><em>\u201cPepe, al a\u00f1o que viene queremos m\u00e1s, \u00bfvale?\u201d<\/em><\/strong>.<\/p>\n\n\n\n<figure class=\"wp-block-video\"><video height=\"480\" style=\"aspect-ratio: 854 \/ 480;\" width=\"854\" controls src=\"https:\/\/infogandia.es\/wp-content\/uploads\/2024\/09\/debora-1.mp4\"><\/video><\/figure>\n\n\n\n<p>La Vicepresidenta y Consellera de Servicios Sociales, Igualdad y Vivienda, D\u00aa Susana Camarero, cerr\u00f3 los parlamentos con un mensaje de gratitud y reflexi\u00f3n. Durante su intervenci\u00f3n, la Vicepresidenta agradeci\u00f3 profundamente el esfuerzo de todos los involucrados en la iniciativa &#8220;Conoce la Playa&#8221;, destacando la importancia de estos proyectos para cumplir los sue\u00f1os de los ni\u00f1os y &#8220;<strong><em>conseguir sacarles una sonrisa<\/em><\/strong>&#8220;.<\/p>\n\n\n\n<p>D\u00aa Susana Camarero subray\u00f3 la necesidad creciente de asociaciones y proyectos sociales, afirmando que son esenciales para mejorar la calidad de vida de los menos afortunados. <strong><em>&#8220;Sin estos esfuerzos, no podr\u00edamos lograr las mejoras significativas en la vida de aquellos que m\u00e1s lo necesitan<\/em><\/strong>&#8220;. Su discurso concluy\u00f3 con un reconocimiento a la labor de las entidades organizadoras y a todos los colaboradores que hicieron posible este evento, reforzando el compromiso de seguir apoyando estas valiosas iniciativas en el futuro.<\/p>\n\n\n\n<figure class=\"wp-block-video\"><video height=\"480\" style=\"aspect-ratio: 854 \/ 480;\" width=\"854\" controls src=\"https:\/\/infogandia.es\/wp-content\/uploads\/2024\/09\/susana.mp4\"><\/video><\/figure>\n\n\n\n<p>Uno de los momentos m\u00e1s destacados del evento ser\u00e1 la jornada del s\u00e1bado 7 de septiembre. Ese d\u00eda, los ni\u00f1os y sus familias disfrutar\u00e1n de una visita cultural que los llevar\u00e1 a descubrir algunos de los rincones m\u00e1s emblem\u00e1ticos de Gandia. La primera parada ser\u00e1 en la hist\u00f3rica Colegiata de Gandia, donde podr\u00e1n admirar su impresionante arquitectura y aprender sobre la rica historia que envuelve este monumento.<\/p>\n\n\n\n<p>Despu\u00e9s, la aventura continuar\u00e1 en el majestuoso Palacio Ducal, un lugar cargado de historia y cultura, donde los ni\u00f1os tendr\u00e1n la oportunidad de conocer de cerca la grandeza de la familia Borja y explorar sus magn\u00edficas estancias. La visita no solo les permitir\u00e1 adentrarse en el pasado, sino que tambi\u00e9n ser\u00e1 una experiencia educativa y enriquecedora.<\/p>\n\n\n\n<p>La jornada culminar\u00e1 con una recepci\u00f3n oficial en el Ayuntamiento de Gandia, donde las autoridades locales recibir\u00e1n con cari\u00f1o y reconocimiento a todos los participantes. Ser\u00e1 un acto lleno de emoci\u00f3n, en el que se destacar\u00e1 la importancia de esta iniciativa y se agradecer\u00e1 la colaboraci\u00f3n de todas las entidades y personas que han hecho posible este proyecto. Los ni\u00f1os ser\u00e1n los protagonistas, y podr\u00e1n sentirse valorados y apoyados por la comunidad en un ambiente festivo y solidario.<\/p>\n\n\n\n<p>Sin duda, esta jornada del s\u00e1bado 7 de septiembre se convertir\u00e1 en un recuerdo inolvidable para todos los participantes, dejando una huella de alegr\u00eda, aprendizaje y comunidad.<\/p>\n\n\n\n<figure class=\"wp-block-video\"><video height=\"480\" style=\"aspect-ratio: 854 \/ 480;\" width=\"854\" controls src=\"https:\/\/infogandia.es\/wp-content\/uploads\/2024\/09\/recursos.mp4\"><\/video><\/figure>\n","protected":false},"excerpt":{"rendered":"<p>El pasado jueves 5 de septiembre, se vivi\u00f3 en Gandia un acontecimiento que quedar\u00e1 grabado en la memoria de todos los participantes, un evento lleno de emociones, risas y l\u00e1grimas de felicidad. Bajo el lema &#8220;Conoce la Playa&#8221;, un grupo de 30 ni\u00f1os y sus familias pudo vivir una experiencia que, para muchos de ellos,&#8230;<\/p>\n","protected":false},"author":1,"featured_media":4409,"comment_status":"open","ping_status":"open","sticky":false,"template":"","format":"standard","meta":{"footnotes":""},"categories":[1,27],"tags":[],"class_list":["post-4408","post","type-post","status-publish","format-standard","has-post-thumbnail","hentry","category-actualidad","category-sociedad"],"_links":{"self":[{"href":"https:\/\/infogandia.es\/index.php\/wp-json\/wp\/v2\/posts\/4408","targetHints":{"allow":["GET"]}}],"collection":[{"href":"https:\/\/infogandia.es\/index.php\/wp-json\/wp\/v2\/posts"}],"about":[{"href":"https:\/\/infogandia.es\/index.php\/wp-json\/wp\/v2\/types\/post"}],"author":[{"embeddable":true,"href":"https:\/\/infogandia.es\/index.php\/wp-json\/wp\/v2\/users\/1"}],"replies":[{"embeddable":true,"href":"https:\/\/infogandia.es\/index.php\/wp-json\/wp\/v2\/comments?post=4408"}],"version-history":[{"count":3,"href":"https:\/\/infogandia.es\/index.php\/wp-json\/wp\/v2\/posts\/4408\/revisions"}],"predecessor-version":[{"id":4419,"href":"https:\/\/infogandia.es\/index.php\/wp-json\/wp\/v2\/posts\/4408\/revisions\/4419"}],"wp:featuredmedia":[{"embeddable":true,"href":"https:\/\/infogandia.es\/index.php\/wp-json\/wp\/v2\/media\/4409"}],"wp:attachment":[{"href":"https:\/\/infogandia.es\/index.php\/wp-json\/wp\/v2\/media?parent=4408"}],"wp:term":[{"taxonomy":"category","embeddable":true,"href":"https:\/\/infogandia.es\/index.php\/wp-json\/wp\/v2\/categories?post=4408"},{"taxonomy":"post_tag","embeddable":true,"href":"https:\/\/infogandia.es\/index.php\/wp-json\/wp\/v2\/tags?post=4408"}],"curies":[{"name":"wp","href":"https:\/\/api.w.org\/{rel}","templated":true}]}}