{"id":4420,"date":"2024-09-06T08:04:52","date_gmt":"2024-09-06T08:04:52","guid":{"rendered":"https:\/\/infogandia.es\/?p=4420"},"modified":"2024-09-06T08:04:54","modified_gmt":"2024-09-06T08:04:54","slug":"prieto-reclama-en-la-fira-gastronomica-tasta-gandia-la-necesidad-de-la-marca-turistica","status":"publish","type":"post","link":"https:\/\/infogandia.es\/index.php\/2024\/09\/06\/prieto-reclama-en-la-fira-gastronomica-tasta-gandia-la-necesidad-de-la-marca-turistica\/","title":{"rendered":"Prieto reclama en la fira gastron\u00f3mica &#8216;Tasta Gandia&#8217; la necesidad de la marca tur\u00edstica"},"content":{"rendered":"\n<p>El alcalde de Gandia, Jos\u00e9 Manuel Prieto, ha resaltado la importancia de contar con una marca tur\u00edstica propia durante la inauguraci\u00f3n de la segunda edici\u00f3n de la feria gastron\u00f3mica &#8216;Tasta Gandia&#8217;, celebrada en el Moll dels Borja y que estar\u00e1 abierta hasta el 7 de septiembre. Prieto, junto a la concejala de Turismo, Balbina Sendra, y otros representantes municipales, subray\u00f3 que la gastronom\u00eda es una parte esencial de la identidad de Gandia y de c\u00f3mo reciben a los turistas.<\/p>\n\n\n\n<p>Prieto destac\u00f3 que el municipio se ha consolidado como un destino de referencia gracias a la promoci\u00f3n de su gastronom\u00eda y productos locales. Seg\u00fan \u00e9l, una marca tur\u00edstica propia beneficiar\u00eda al sector, mejorando su posicionamiento y respaldando la calidad de la oferta tur\u00edstica y hostelera.<\/p>\n\n\n\n<p>Tambi\u00e9n aprovech\u00f3 su discurso para agradecer a Dest\u00edSafor y al departamento de Turismo la organizaci\u00f3n de esta feria, la cual considera uno de los mayores valores de la regi\u00f3n.<\/p>\n\n\n\n<p>Por su parte, Sendra se\u00f1al\u00f3 que la implicaci\u00f3n de Dest\u00edSafor ha sido clave, y destac\u00f3 que realizar la feria en septiembre ayuda a atraer y fidelizar a los turistas que ya disfrutan de la playa. Adem\u00e1s, explic\u00f3 que una marca tur\u00edstica proporcionar\u00eda m\u00e1s recursos y mejorar\u00eda los esfuerzos de promoci\u00f3n, obteniendo resultados m\u00e1s positivos.<\/p>\n\n\n\n<figure class=\"wp-block-image size-large\"><img fetchpriority=\"high\" decoding=\"async\" width=\"1024\" height=\"714\" src=\"https:\/\/infogandia.es\/wp-content\/uploads\/2024\/09\/AO_5721-copia-1024x714.jpg\" alt=\"\" class=\"wp-image-4422\" srcset=\"https:\/\/infogandia.es\/wp-content\/uploads\/2024\/09\/AO_5721-copia-1024x714.jpg 1024w, https:\/\/infogandia.es\/wp-content\/uploads\/2024\/09\/AO_5721-copia-300x209.jpg 300w, https:\/\/infogandia.es\/wp-content\/uploads\/2024\/09\/AO_5721-copia-768x535.jpg 768w, https:\/\/infogandia.es\/wp-content\/uploads\/2024\/09\/AO_5721-copia-1536x1071.jpg 1536w, https:\/\/infogandia.es\/wp-content\/uploads\/2024\/09\/AO_5721-copia.jpg 1772w\" sizes=\"(max-width: 1024px) 100vw, 1024px\" \/><\/figure>\n\n\n\n<h3 class=\"wp-block-heading\">Sobre &#8216;Tasta Gandia&#8217;<\/h3>\n\n\n\n<p>&#8216;Tasta Gandia&#8217; es una feria gastron\u00f3mica que re\u00fane a restaurantes, profesionales y productores de la zona, con el objetivo de resaltar el valor de los productos locales. Los visitantes pueden disfrutar de platos t\u00edpicos como la fideu\u00e0, la cigala, el espencat, las cocas de ma\u00edz y las croquetas caseras.<\/p>\n\n\n\n<p>La feria ofrece tambi\u00e9n demostraciones culinarias en vivo, catas de vino, vermut y gin-tonic guiadas por expertos, as\u00ed como desayunos populares. Adem\u00e1s, habr\u00e1 m\u00fasica en directo de bandas y artistas locales, actividades para ni\u00f1os y otras propuestas de entretenimiento.<\/p>\n\n\n\n<p>La entrada es gratuita, y dentro del recinto los asistentes pueden adquirir platos y productos o participar en degustaciones en los distintos puestos. Para los showcookings, las personas interesadas pueden inscribirse a trav\u00e9s de la p\u00e1gina web de Visit Gandia.<\/p>\n","protected":false},"excerpt":{"rendered":"<p>El alcalde de Gandia, Jos\u00e9 Manuel Prieto, ha resaltado la importancia de contar con una marca tur\u00edstica propia durante la inauguraci\u00f3n de la segunda edici\u00f3n de la feria gastron\u00f3mica &#8216;Tasta Gandia&#8217;, celebrada en el Moll dels Borja y que estar\u00e1 abierta hasta el 7 de septiembre. Prieto, junto a la concejala de Turismo, Balbina Sendra,&#8230;<\/p>\n","protected":false},"author":1,"featured_media":4421,"comment_status":"open","ping_status":"open","sticky":false,"template":"","format":"standard","meta":{"footnotes":""},"categories":[1,27,57],"tags":[],"class_list":["post-4420","post","type-post","status-publish","format-standard","has-post-thumbnail","hentry","category-actualidad","category-sociedad","category-turismo"],"_links":{"self":[{"href":"https:\/\/infogandia.es\/index.php\/wp-json\/wp\/v2\/posts\/4420","targetHints":{"allow":["GET"]}}],"collection":[{"href":"https:\/\/infogandia.es\/index.php\/wp-json\/wp\/v2\/posts"}],"about":[{"href":"https:\/\/infogandia.es\/index.php\/wp-json\/wp\/v2\/types\/post"}],"author":[{"embeddable":true,"href":"https:\/\/infogandia.es\/index.php\/wp-json\/wp\/v2\/users\/1"}],"replies":[{"embeddable":true,"href":"https:\/\/infogandia.es\/index.php\/wp-json\/wp\/v2\/comments?post=4420"}],"version-history":[{"count":1,"href":"https:\/\/infogandia.es\/index.php\/wp-json\/wp\/v2\/posts\/4420\/revisions"}],"predecessor-version":[{"id":4423,"href":"https:\/\/infogandia.es\/index.php\/wp-json\/wp\/v2\/posts\/4420\/revisions\/4423"}],"wp:featuredmedia":[{"embeddable":true,"href":"https:\/\/infogandia.es\/index.php\/wp-json\/wp\/v2\/media\/4421"}],"wp:attachment":[{"href":"https:\/\/infogandia.es\/index.php\/wp-json\/wp\/v2\/media?parent=4420"}],"wp:term":[{"taxonomy":"category","embeddable":true,"href":"https:\/\/infogandia.es\/index.php\/wp-json\/wp\/v2\/categories?post=4420"},{"taxonomy":"post_tag","embeddable":true,"href":"https:\/\/infogandia.es\/index.php\/wp-json\/wp\/v2\/tags?post=4420"}],"curies":[{"name":"wp","href":"https:\/\/api.w.org\/{rel}","templated":true}]}}