{"id":4427,"date":"2024-09-06T08:16:54","date_gmt":"2024-09-06T08:16:54","guid":{"rendered":"https:\/\/infogandia.es\/?p=4427"},"modified":"2024-09-06T08:16:54","modified_gmt":"2024-09-06T08:16:54","slug":"tavernes-de-la-valldigna-homenajea-a-vicent-andres-estelles-en-el-centenario-de-su-nacimiento","status":"publish","type":"post","link":"https:\/\/infogandia.es\/index.php\/2024\/09\/06\/tavernes-de-la-valldigna-homenajea-a-vicent-andres-estelles-en-el-centenario-de-su-nacimiento\/","title":{"rendered":"Tavernes de la Valldigna homenajea a Vicent Andr\u00e9s Estell\u00e9s en el centenario de su nacimiento"},"content":{"rendered":"\n<p>Tavernes de la Valldigna ha rendido tributo a Vicent Andr\u00e9s Estell\u00e9s en el centenario de su nacimiento, colocando una placa conmemorativa en el mural de arte urbano de la Casa de la Cultura, realizada por el artista local Jes\u00fas Mart\u00edn-Lorente, conocido como \u2018Chule\u2019. La alcaldesa, Lara Romero Giner, ha destacado que &#8220;100 a\u00f1os despu\u00e9s, Estell\u00e9s sigue siendo una gu\u00eda que nos recuerda nuestras ra\u00edces y nuestra identidad&#8221;.<\/p>\n\n\n\n<p>La placa, encargada por el ayuntamiento, fue instalada en la fachada de la Casa de la Cultura el 4 de septiembre, fecha en la que naci\u00f3 el poeta en 1924. Esta acci\u00f3n se llev\u00f3 a cabo para complementar el mural inaugurado en diciembre, que se ha convertido en un s\u00edmbolo de la ciudad. El mural incluye versos de Estell\u00e9s y muestra la escena de un abuelo leyendo a su nieta, representando la transmisi\u00f3n de la lengua y la cultura entre generaciones. La obra fue dise\u00f1ada por Xema Gonz\u00e1lez (xemayo), Nacho Cano (mawearte) y Alejandro Salanova (sink_growup).<\/p>\n\n\n\n<p>La alcaldesa, junto con el concejal de Promoci\u00f3n Ling\u00fc\u00edstica, Juan Bautista Talens Fellis, miembros del gobierno local y el artista, desvelaron la placa que marca 2024 como el A\u00f1o Estell\u00e9s, en honor a su legado. Durante el acto, Romero Giner resalt\u00f3 la importancia de mantener vivo el recuerdo del poeta y la necesidad de seguir compartiendo su poes\u00eda con la misma pasi\u00f3n con la que \u00e9l la escribi\u00f3.<\/p>\n\n\n\n<p>Por su parte, el concejal Talens Fellis subray\u00f3 la relevancia de recordar a Estell\u00e9s con orgullo y agradecimiento, anunciando que el Ayuntamiento continuar\u00e1 organizando m\u00e1s actividades en su honor a lo largo del a\u00f1o.<\/p>\n","protected":false},"excerpt":{"rendered":"<p>Tavernes de la Valldigna ha rendido tributo a Vicent Andr\u00e9s Estell\u00e9s en el centenario de su nacimiento, colocando una placa conmemorativa en el mural de arte urbano de la Casa de la Cultura, realizada por el artista local Jes\u00fas Mart\u00edn-Lorente, conocido como \u2018Chule\u2019. La alcaldesa, Lara Romero Giner, ha destacado que &#8220;100 a\u00f1os despu\u00e9s, Estell\u00e9s&#8230;<\/p>\n","protected":false},"author":1,"featured_media":4428,"comment_status":"open","ping_status":"open","sticky":false,"template":"","format":"standard","meta":{"footnotes":""},"categories":[1],"tags":[],"class_list":["post-4427","post","type-post","status-publish","format-standard","has-post-thumbnail","hentry","category-actualidad"],"_links":{"self":[{"href":"https:\/\/infogandia.es\/index.php\/wp-json\/wp\/v2\/posts\/4427","targetHints":{"allow":["GET"]}}],"collection":[{"href":"https:\/\/infogandia.es\/index.php\/wp-json\/wp\/v2\/posts"}],"about":[{"href":"https:\/\/infogandia.es\/index.php\/wp-json\/wp\/v2\/types\/post"}],"author":[{"embeddable":true,"href":"https:\/\/infogandia.es\/index.php\/wp-json\/wp\/v2\/users\/1"}],"replies":[{"embeddable":true,"href":"https:\/\/infogandia.es\/index.php\/wp-json\/wp\/v2\/comments?post=4427"}],"version-history":[{"count":1,"href":"https:\/\/infogandia.es\/index.php\/wp-json\/wp\/v2\/posts\/4427\/revisions"}],"predecessor-version":[{"id":4429,"href":"https:\/\/infogandia.es\/index.php\/wp-json\/wp\/v2\/posts\/4427\/revisions\/4429"}],"wp:featuredmedia":[{"embeddable":true,"href":"https:\/\/infogandia.es\/index.php\/wp-json\/wp\/v2\/media\/4428"}],"wp:attachment":[{"href":"https:\/\/infogandia.es\/index.php\/wp-json\/wp\/v2\/media?parent=4427"}],"wp:term":[{"taxonomy":"category","embeddable":true,"href":"https:\/\/infogandia.es\/index.php\/wp-json\/wp\/v2\/categories?post=4427"},{"taxonomy":"post_tag","embeddable":true,"href":"https:\/\/infogandia.es\/index.php\/wp-json\/wp\/v2\/tags?post=4427"}],"curies":[{"name":"wp","href":"https:\/\/api.w.org\/{rel}","templated":true}]}}