{"id":4430,"date":"2024-09-11T10:26:31","date_gmt":"2024-09-11T10:26:31","guid":{"rendered":"https:\/\/infogandia.es\/?p=4430"},"modified":"2024-09-11T10:26:36","modified_gmt":"2024-09-11T10:26:36","slug":"exito-rotundo-de-la-i-feria-de-agricultura-y-producto-de-proximidad-en-oliva","status":"publish","type":"post","link":"https:\/\/infogandia.es\/index.php\/2024\/09\/11\/exito-rotundo-de-la-i-feria-de-agricultura-y-producto-de-proximidad-en-oliva\/","title":{"rendered":"\u00c9xito rotundo de la I Feria de Agricultura y Producto de Proximidad en Oliva"},"content":{"rendered":"\n<p>El pasado s\u00e1bado, Oliva acogi\u00f3 la primera edici\u00f3n de la Feria de Agricultura y Producto de Proximidad, impulsada por el Departamento de Agricultura del Ayuntamiento, bajo la direcci\u00f3n de Enrique Parra.<\/p>\n\n\n\n<p>Seg\u00fan el concejal, el evento fue todo un \u00e9xito con m\u00e1s de 1.000 visitantes, y varias empresas ya han manifestado su inter\u00e9s en participar en la pr\u00f3xima edici\u00f3n.<\/p>\n\n\n\n<p>Parra destac\u00f3 que est\u00e1n muy satisfechos, ya que dieron visibilidad a empresas clave para la econom\u00eda local que no suelen participar en este tipo de ferias. Adem\u00e1s, se pudieron degustar productos de proximidad de peque\u00f1as empresas, lo que fue muy apreciado por los asistentes. Tambi\u00e9n adelant\u00f3 que ya est\u00e1n considerando la pr\u00f3xima edici\u00f3n, con la posibilidad de cambiar la fecha para incluir c\u00edtricos y productos hort\u00edcolas. Parra agradeci\u00f3 tanto a los expositores como al p\u00fablico su apoyo.<\/p>\n\n\n\n<p>En la Feria participaron empresas de suministros t\u00e9cnicos como Carpi, Herrami, Comercial Agr\u00edcola San Juan y Canet, Ca\u00f1am\u00e1s Hermanos y la SAT UPCO (Uni\u00f3n de Productores de C\u00edtricos Oliva). En el \u00e1mbito del producto de proximidad, estuvieron presentes Blat i Sucre, El Galano, Meleca, Horchata y Granizados Domingo Mas SL, Orxata y Granissats Moncho SL, Helados Alacant, Papas E. Escriv\u00e1, Arroz y Cereales La Perdiz, as\u00ed como productores locales de mango y aguacate ecol\u00f3gicos. Tambi\u00e9n participaron la Polic\u00eda Local, el Equipo Roca de la Guardia Civil, la Brigada Municipal y el IES Gregori Maians, que ofrece formaciones en Producci\u00f3n Agroecol\u00f3gica y Jardiner\u00eda.<\/p>\n","protected":false},"excerpt":{"rendered":"<p>\u00c9xito rotundo de la I Feria de Agricultura y Producto de Proximidad en Oliva<\/p>\n<p>El pasado s\u00e1bado, Oliva acogi\u00f3 la primera edici\u00f3n de la Feria de Agricultura y Producto de Proximidad, impulsada por el Departamento de Agricultura del Ayuntamiento, bajo la direcci\u00f3n de Enrique Parra.<\/p>\n<p>Seg\u00fan el concejal, el evento fue todo un \u00e9xito con m\u00e1s de 1.000 visitantes, y varias empresas ya han manifestado su inter\u00e9s en participar en la pr\u00f3xima edici\u00f3n.<\/p>\n<p>Parra destac\u00f3 que est\u00e1n muy satisfechos, ya que dieron visibilidad a empresas clave para la econom\u00eda local que no suelen participar en este tipo de ferias. Adem\u00e1s, se pudieron degustar productos de proximidad de peque\u00f1as empresas, lo que fue muy apreciado por los asistentes. Tambi\u00e9n adelant\u00f3 que ya est\u00e1n considerando la pr\u00f3xima edici\u00f3n, con la posibilidad de cambiar la fecha para incluir c\u00edtricos y productos hort\u00edcolas. Parra agradeci\u00f3 tanto a los expositores como al p\u00fablico su apoyo.<\/p>\n<p>En la Feria participaron empresas de suministros t\u00e9cnicos como Carpi, Herrami, Comercial Agr\u00edcola San Juan y Canet, Ca\u00f1am\u00e1s Hermanos y la SAT UPCO (Uni\u00f3n de Productores de C\u00edtricos Oliva). En el \u00e1mbito del producto de proximidad, estuvieron presentes Blat i Sucre, El Galano, Meleca, Horchata y Granizados Domingo Mas SL, Orxata y Granissats Moncho SL, Helados Alacant, Papas E. Escriv\u00e1, Arroz y Cereales La Perdiz, as\u00ed como productores locales de mango y aguacate ecol\u00f3gicos. Tambi\u00e9n participaron la Polic\u00eda Local, el Equipo Roca de la Guardia Civil, la Brigada Municipal y el IES Gregori Maians, que ofrece formaciones en Producci\u00f3n Agroecol\u00f3gica y Jardiner\u00eda.<\/p>\n","protected":false},"author":1,"featured_media":4431,"comment_status":"open","ping_status":"open","sticky":false,"template":"","format":"standard","meta":{"footnotes":""},"categories":[1],"tags":[],"class_list":["post-4430","post","type-post","status-publish","format-standard","has-post-thumbnail","hentry","category-actualidad"],"_links":{"self":[{"href":"https:\/\/infogandia.es\/index.php\/wp-json\/wp\/v2\/posts\/4430","targetHints":{"allow":["GET"]}}],"collection":[{"href":"https:\/\/infogandia.es\/index.php\/wp-json\/wp\/v2\/posts"}],"about":[{"href":"https:\/\/infogandia.es\/index.php\/wp-json\/wp\/v2\/types\/post"}],"author":[{"embeddable":true,"href":"https:\/\/infogandia.es\/index.php\/wp-json\/wp\/v2\/users\/1"}],"replies":[{"embeddable":true,"href":"https:\/\/infogandia.es\/index.php\/wp-json\/wp\/v2\/comments?post=4430"}],"version-history":[{"count":1,"href":"https:\/\/infogandia.es\/index.php\/wp-json\/wp\/v2\/posts\/4430\/revisions"}],"predecessor-version":[{"id":4432,"href":"https:\/\/infogandia.es\/index.php\/wp-json\/wp\/v2\/posts\/4430\/revisions\/4432"}],"wp:featuredmedia":[{"embeddable":true,"href":"https:\/\/infogandia.es\/index.php\/wp-json\/wp\/v2\/media\/4431"}],"wp:attachment":[{"href":"https:\/\/infogandia.es\/index.php\/wp-json\/wp\/v2\/media?parent=4430"}],"wp:term":[{"taxonomy":"category","embeddable":true,"href":"https:\/\/infogandia.es\/index.php\/wp-json\/wp\/v2\/categories?post=4430"},{"taxonomy":"post_tag","embeddable":true,"href":"https:\/\/infogandia.es\/index.php\/wp-json\/wp\/v2\/tags?post=4430"}],"curies":[{"name":"wp","href":"https:\/\/api.w.org\/{rel}","templated":true}]}}