{"id":4433,"date":"2024-09-11T10:28:01","date_gmt":"2024-09-11T10:28:01","guid":{"rendered":"https:\/\/infogandia.es\/?p=4433"},"modified":"2024-09-11T10:28:01","modified_gmt":"2024-09-11T10:28:01","slug":"oliva-impulsa-su-gastronomia-con-el-cap-de-setmana-de-larros-del-20-al-22-de-septiembre","status":"publish","type":"post","link":"https:\/\/infogandia.es\/index.php\/2024\/09\/11\/oliva-impulsa-su-gastronomia-con-el-cap-de-setmana-de-larros-del-20-al-22-de-septiembre\/","title":{"rendered":"Oliva impulsa su gastronom\u00eda con el Cap de Setmana de l&#8217;Arr\u00f2s, del 20 al 22 de septiembre"},"content":{"rendered":"\n<p>Del 20 al 22 de septiembre, Oliva celebrar\u00e1 el Cap de Setmana de l&#8217;Arr\u00f2s en el parque de la Estaci\u00f3n, incluyendo la XVI Muestra Gastron\u00f3mica &#8220;Ciudad de Oliva&#8221; (22 de septiembre), el X Concurso de Pebrera Farcida (21 de septiembre) y el D\u00eda Mundial de la Paella (20 de septiembre).<\/p>\n\n\n\n<p>La alcaldesa Yolanda Pastor y el concejal de Turismo, Salva Llopis, han presentado el evento en la Oficina Municipal de Turismo, acompa\u00f1ados por Pepe Cotaina, presidente de la Asociaci\u00f3n Gastron\u00f3mica y Cultural &#8220;Amics de les coques d&#8217;Oliva&#8221;, y Toni Savall, representante de Gastroliva.<\/p>\n\n\n\n<p>Las entradas para las raciones de paella y para inscribirse en el Concurso de Pebrera Farcida, con 20 plazas disponibles, est\u00e1n a la venta hasta el 19 de septiembre.<\/p>\n\n\n\n<p><strong>Programaci\u00f3n:<\/strong><\/p>\n\n\n\n<p><strong>20 de septiembre \u2013 D\u00eda Mundial de la Paella<\/strong><\/p>\n\n\n\n<ul class=\"wp-block-list\">\n<li>12 h: Preparaci\u00f3n de una paella gigante para 500 personas.<\/li>\n\n\n\n<li>13.30 h: Inauguraci\u00f3n del evento.<\/li>\n\n\n\n<li>14.00 h: Degustaci\u00f3n de la paella (raciones a 3 euros, disponibles hasta el 19 de septiembre en Tourist Info).<\/li>\n<\/ul>\n\n\n\n<p><strong>21 de septiembre \u2013 X Concurso de Pebrera Farcida<\/strong><\/p>\n\n\n\n<ul class=\"wp-block-list\">\n<li>9.30 h: Presentaci\u00f3n de los participantes.<\/li>\n\n\n\n<li>De 10 h a 12 h: Cata por parte del jurado.<\/li>\n\n\n\n<li>12 h: Taller de coques para 50 ni\u00f1os.<\/li>\n\n\n\n<li>13 h: Entrega de premios y degustaci\u00f3n (1 euro por unidad).<\/li>\n<\/ul>\n\n\n\n<p><strong>22 de septiembre \u2013 Muestra Gastron\u00f3mica<\/strong><\/p>\n\n\n\n<ul class=\"wp-block-list\">\n<li>9.30 h: Desayuno de figatells.<\/li>\n\n\n\n<li>10 h a 14 h: Actividades infantiles.<\/li>\n\n\n\n<li>11 h: Actuaci\u00f3n de minidiscom\u00f3vil.<\/li>\n\n\n\n<li>A partir de las 13.30 h: Venta de platos de arroz a precios populares.<\/li>\n<\/ul>\n\n\n\n<p>El concejal Salva Llopis ha destacado la importancia del arroz en la cocina local, invitando a todos a disfrutar de este fin de semana gastron\u00f3mico, y ha agradecido la colaboraci\u00f3n de la alcaldesa, Gastroliva y Pepe Cotaina por hacer posible el evento. Pepe Cotaina ha animado a las familias a participar en el taller de coques para los m\u00e1s peque\u00f1os, mientras que Toni Savall ha subrayado la contribuci\u00f3n de Gastroliva con bebidas y platos de arroz durante la celebraci\u00f3n.<\/p>\n\n\n\n<p>La alcaldesa Yolanda Pastor ha resaltado el valor de esta iniciativa para la promoci\u00f3n del turismo y las empresas locales, animando tanto a profesionales como al p\u00fablico general a participar en este evento que celebra la rica gastronom\u00eda de Oliva.<\/p>\n","protected":false},"excerpt":{"rendered":"<p>Del 20 al 22 de septiembre, Oliva celebrar\u00e1 el Cap de Setmana de l&#8217;Arr\u00f2s en el parque de la Estaci\u00f3n, incluyendo la XVI Muestra Gastron\u00f3mica &#8220;Ciudad de Oliva&#8221; (22 de septiembre), el X Concurso de Pebrera Farcida (21 de septiembre) y el D\u00eda Mundial de la Paella (20 de septiembre). La alcaldesa Yolanda Pastor y&#8230;<\/p>\n","protected":false},"author":1,"featured_media":4434,"comment_status":"open","ping_status":"open","sticky":false,"template":"","format":"standard","meta":{"footnotes":""},"categories":[1,27],"tags":[],"class_list":["post-4433","post","type-post","status-publish","format-standard","has-post-thumbnail","hentry","category-actualidad","category-sociedad"],"_links":{"self":[{"href":"https:\/\/infogandia.es\/index.php\/wp-json\/wp\/v2\/posts\/4433","targetHints":{"allow":["GET"]}}],"collection":[{"href":"https:\/\/infogandia.es\/index.php\/wp-json\/wp\/v2\/posts"}],"about":[{"href":"https:\/\/infogandia.es\/index.php\/wp-json\/wp\/v2\/types\/post"}],"author":[{"embeddable":true,"href":"https:\/\/infogandia.es\/index.php\/wp-json\/wp\/v2\/users\/1"}],"replies":[{"embeddable":true,"href":"https:\/\/infogandia.es\/index.php\/wp-json\/wp\/v2\/comments?post=4433"}],"version-history":[{"count":1,"href":"https:\/\/infogandia.es\/index.php\/wp-json\/wp\/v2\/posts\/4433\/revisions"}],"predecessor-version":[{"id":4435,"href":"https:\/\/infogandia.es\/index.php\/wp-json\/wp\/v2\/posts\/4433\/revisions\/4435"}],"wp:featuredmedia":[{"embeddable":true,"href":"https:\/\/infogandia.es\/index.php\/wp-json\/wp\/v2\/media\/4434"}],"wp:attachment":[{"href":"https:\/\/infogandia.es\/index.php\/wp-json\/wp\/v2\/media?parent=4433"}],"wp:term":[{"taxonomy":"category","embeddable":true,"href":"https:\/\/infogandia.es\/index.php\/wp-json\/wp\/v2\/categories?post=4433"},{"taxonomy":"post_tag","embeddable":true,"href":"https:\/\/infogandia.es\/index.php\/wp-json\/wp\/v2\/tags?post=4433"}],"curies":[{"name":"wp","href":"https:\/\/api.w.org\/{rel}","templated":true}]}}