{"id":4436,"date":"2024-09-11T10:28:42","date_gmt":"2024-09-11T10:28:42","guid":{"rendered":"https:\/\/infogandia.es\/?p=4436"},"modified":"2024-09-11T10:28:42","modified_gmt":"2024-09-11T10:28:42","slug":"conferencia-educar-en-la-adolescencia-en-el-centro-polivalente-de-oliva","status":"publish","type":"post","link":"https:\/\/infogandia.es\/index.php\/2024\/09\/11\/conferencia-educar-en-la-adolescencia-en-el-centro-polivalente-de-oliva\/","title":{"rendered":"Conferencia &#8216;Educar en la Adolescencia&#8217; en el Centro Polivalente de Oliva"},"content":{"rendered":"\n<p>El pr\u00f3ximo s\u00e1bado, 21 de septiembre, la Junta de Festes de Sant Francesc, en colaboraci\u00f3n con la Concejal\u00eda de Fiestas del Ayuntamiento de Oliva, ha organizado una conferencia titulada <strong>&#8220;Educar en la adolescencia&#8221;<\/strong>. El evento contar\u00e1 con la participaci\u00f3n de Pedro Garc\u00eda Aguado, mediador y orientador familiar, y de la psic\u00f3loga Nerea L\u00f3pez, quienes abordar\u00e1n temas clave sobre la educaci\u00f3n de los adolescentes.<\/p>\n\n\n\n<p>La conferencia se llevar\u00e1 a cabo a las <strong>18 h en el Centro Polivalente de Oliva<\/strong>, y las entradas-donativo se pueden adquirir tanto de manera presencial como en l\u00ednea. El precio de las entradas es de <strong>5 \u20ac<\/strong> en puntos f\u00edsicos como la parroquia de Sant Francesc d&#8217;Ass\u00eds y varios establecimientos de Oliva, o bien <strong>6 \u20ac<\/strong> en l\u00ednea a trav\u00e9s de un c\u00f3digo QR o en el enlace de venta digital.<\/p>\n\n\n\n<p>Este evento ser\u00e1 una oportunidad \u00fanica para padres, educadores y cualquier persona interesada en entender mejor los retos de la adolescencia y c\u00f3mo abordarlos.<\/p>\n","protected":false},"excerpt":{"rendered":"<p>El pr\u00f3ximo s\u00e1bado, 21 de septiembre, la Junta de Festes de Sant Francesc, en colaboraci\u00f3n con la Concejal\u00eda de Fiestas del Ayuntamiento de Oliva, ha organizado una conferencia titulada &#8220;Educar en la adolescencia&#8221;. El evento contar\u00e1 con la participaci\u00f3n de Pedro Garc\u00eda Aguado, mediador y orientador familiar, y de la psic\u00f3loga Nerea L\u00f3pez, quienes abordar\u00e1n&#8230;<\/p>\n","protected":false},"author":1,"featured_media":4437,"comment_status":"open","ping_status":"open","sticky":false,"template":"","format":"standard","meta":{"footnotes":""},"categories":[1,27],"tags":[],"class_list":["post-4436","post","type-post","status-publish","format-standard","has-post-thumbnail","hentry","category-actualidad","category-sociedad"],"_links":{"self":[{"href":"https:\/\/infogandia.es\/index.php\/wp-json\/wp\/v2\/posts\/4436","targetHints":{"allow":["GET"]}}],"collection":[{"href":"https:\/\/infogandia.es\/index.php\/wp-json\/wp\/v2\/posts"}],"about":[{"href":"https:\/\/infogandia.es\/index.php\/wp-json\/wp\/v2\/types\/post"}],"author":[{"embeddable":true,"href":"https:\/\/infogandia.es\/index.php\/wp-json\/wp\/v2\/users\/1"}],"replies":[{"embeddable":true,"href":"https:\/\/infogandia.es\/index.php\/wp-json\/wp\/v2\/comments?post=4436"}],"version-history":[{"count":1,"href":"https:\/\/infogandia.es\/index.php\/wp-json\/wp\/v2\/posts\/4436\/revisions"}],"predecessor-version":[{"id":4438,"href":"https:\/\/infogandia.es\/index.php\/wp-json\/wp\/v2\/posts\/4436\/revisions\/4438"}],"wp:featuredmedia":[{"embeddable":true,"href":"https:\/\/infogandia.es\/index.php\/wp-json\/wp\/v2\/media\/4437"}],"wp:attachment":[{"href":"https:\/\/infogandia.es\/index.php\/wp-json\/wp\/v2\/media?parent=4436"}],"wp:term":[{"taxonomy":"category","embeddable":true,"href":"https:\/\/infogandia.es\/index.php\/wp-json\/wp\/v2\/categories?post=4436"},{"taxonomy":"post_tag","embeddable":true,"href":"https:\/\/infogandia.es\/index.php\/wp-json\/wp\/v2\/tags?post=4436"}],"curies":[{"name":"wp","href":"https:\/\/api.w.org\/{rel}","templated":true}]}}