{"id":4439,"date":"2024-09-12T15:33:19","date_gmt":"2024-09-12T15:33:19","guid":{"rendered":"https:\/\/infogandia.es\/?p=4439"},"modified":"2024-09-12T15:33:19","modified_gmt":"2024-09-12T15:33:19","slug":"gandia-lanza-el-programa-voces-de-mujeres-transformadoras","status":"publish","type":"post","link":"https:\/\/infogandia.es\/index.php\/2024\/09\/12\/gandia-lanza-el-programa-voces-de-mujeres-transformadoras\/","title":{"rendered":"Gandia lanza el programa &#8220;Voces de Mujeres Transformadoras&#8221;"},"content":{"rendered":"\n<p>La concejala de Igualdad, Maribel Codina, ha informado que este jueves dar\u00e1 inicio el ciclo de foros titulado &#8220;Voces de Mujeres Transformadoras&#8221;, que se llevar\u00e1 a cabo desde el 12 de septiembre hasta el 13 de diciembre.<\/p>\n\n\n\n<p>Esta propuesta est\u00e1 dirigida a mujeres mayores de 18 a\u00f1os y consistir\u00e1 en cinco foros donde se debatir\u00e1n y compartir\u00e1n experiencias en un entorno seguro de escucha activa y apoyo entre mujeres.<\/p>\n\n\n\n<p>Los foros se realizar\u00e1n en distintos lugares para facilitar la participaci\u00f3n de todas las mujeres de la ciudad. El primer taller, titulado &#8220;Empoderamiento y Participaci\u00f3n Pol\u00edtica Ciudadana&#8221;, tendr\u00e1 lugar el 12 de septiembre en el Edificio Tossal a partir de las 17:30 horas. Al d\u00eda siguiente, con el mismo horario, se celebrar\u00e1 en el Centro de Convivencia en la calle del C\u00edscar del Grau. El lunes 16 de septiembre, la reuni\u00f3n se llevar\u00e1 a cabo en el Centro Social de Marxuquera.<\/p>\n\n\n\n<p>Codina ha animado a las mujeres de Gandia a participar en estos eventos gratuitos y abiertos, y ha recordado que tambi\u00e9n se llevar\u00e1n a cabo en los meses de octubre, noviembre y diciembre a partir de las 17:30 horas.<\/p>\n","protected":false},"excerpt":{"rendered":"<p>La concejala de Igualdad, Maribel Codina, ha informado que este jueves dar\u00e1 inicio el ciclo de foros titulado &#8220;Voces de Mujeres Transformadoras&#8221;, que se llevar\u00e1 a cabo desde el 12 de septiembre hasta el 13 de diciembre. Esta propuesta est\u00e1 dirigida a mujeres mayores de 18 a\u00f1os y consistir\u00e1 en cinco foros donde se debatir\u00e1n&#8230;<\/p>\n","protected":false},"author":1,"featured_media":4440,"comment_status":"open","ping_status":"open","sticky":false,"template":"","format":"standard","meta":{"footnotes":""},"categories":[1,27],"tags":[],"class_list":["post-4439","post","type-post","status-publish","format-standard","has-post-thumbnail","hentry","category-actualidad","category-sociedad"],"_links":{"self":[{"href":"https:\/\/infogandia.es\/index.php\/wp-json\/wp\/v2\/posts\/4439","targetHints":{"allow":["GET"]}}],"collection":[{"href":"https:\/\/infogandia.es\/index.php\/wp-json\/wp\/v2\/posts"}],"about":[{"href":"https:\/\/infogandia.es\/index.php\/wp-json\/wp\/v2\/types\/post"}],"author":[{"embeddable":true,"href":"https:\/\/infogandia.es\/index.php\/wp-json\/wp\/v2\/users\/1"}],"replies":[{"embeddable":true,"href":"https:\/\/infogandia.es\/index.php\/wp-json\/wp\/v2\/comments?post=4439"}],"version-history":[{"count":1,"href":"https:\/\/infogandia.es\/index.php\/wp-json\/wp\/v2\/posts\/4439\/revisions"}],"predecessor-version":[{"id":4441,"href":"https:\/\/infogandia.es\/index.php\/wp-json\/wp\/v2\/posts\/4439\/revisions\/4441"}],"wp:featuredmedia":[{"embeddable":true,"href":"https:\/\/infogandia.es\/index.php\/wp-json\/wp\/v2\/media\/4440"}],"wp:attachment":[{"href":"https:\/\/infogandia.es\/index.php\/wp-json\/wp\/v2\/media?parent=4439"}],"wp:term":[{"taxonomy":"category","embeddable":true,"href":"https:\/\/infogandia.es\/index.php\/wp-json\/wp\/v2\/categories?post=4439"},{"taxonomy":"post_tag","embeddable":true,"href":"https:\/\/infogandia.es\/index.php\/wp-json\/wp\/v2\/tags?post=4439"}],"curies":[{"name":"wp","href":"https:\/\/api.w.org\/{rel}","templated":true}]}}