{"id":4442,"date":"2024-09-12T15:33:53","date_gmt":"2024-09-12T15:33:53","guid":{"rendered":"https:\/\/infogandia.es\/?p=4442"},"modified":"2024-09-12T15:33:53","modified_gmt":"2024-09-12T15:33:53","slug":"gandia-busca-la-mejor-propuesta-para-crear-un-innovador-espacio-infantil-en-el-parque-ausias-march","status":"publish","type":"post","link":"https:\/\/infogandia.es\/index.php\/2024\/09\/12\/gandia-busca-la-mejor-propuesta-para-crear-un-innovador-espacio-infantil-en-el-parque-ausias-march\/","title":{"rendered":"Gandia busca la mejor propuesta para crear un innovador espacio infantil en el parque Ausi\u00e0s March"},"content":{"rendered":"\n<p>El alcalde de Gandia, Jos\u00e9 Manuel Prieto, acompa\u00f1ado por Maite Alonso, coordinadora del \u00e1rea de Urbanismo, y t\u00e9cnicos municipales, visit\u00f3 esta semana el parque Ausi\u00e0s March, donde el gobierno local planea desarrollar un parque infantil que se convertir\u00e1 en un referente en la Comunidad Valenciana y tomar\u00e1 en cuenta las sugerencias de los ciudadanos.<\/p>\n\n\n\n<p>Prieto explic\u00f3 que el concurso de ideas para el nuevo parque infantil est\u00e1 abierto desde mediados de agosto y que los interesados tienen hasta el 13 de noviembre para presentar sus propuestas. La empresa ganadora del concurso ser\u00e1 la encargada de elaborar el proyecto definitivo.<\/p>\n\n\n\n<p>&#8220;El parque \u00fanico que prometimos, con elementos distintivos, ser\u00e1 una realidad. Elementos tradicionales como el T\u00edo de la Porra podr\u00e1n inspirar parte de este nuevo espacio recreativo, siguiendo las directrices establecidas en el concurso desarrollado por los ni\u00f1os del Consejo de la Infancia&#8221;, coment\u00f3 Prieto, quien tambi\u00e9n record\u00f3 que el presupuesto total para la obra ser\u00e1 cercano a los 700.000 euros.<\/p>\n\n\n\n<p>Prieto subray\u00f3 que este parque tambi\u00e9n contribuir\u00e1 a revitalizar la zona del Centro Hist\u00f3rico y que, una vez terminadas las obras, el parque se integrar\u00e1 de manera armoniosa con el arbolado y el paisaje existentes, manteniendo la compatibilidad con eventos importantes como la Fira y Festes, gracias a la colaboraci\u00f3n de los colectivos locales y la iniciativa privada.<\/p>\n","protected":false},"excerpt":{"rendered":"<p>El alcalde de Gandia, Jos\u00e9 Manuel Prieto, acompa\u00f1ado por Maite Alonso, coordinadora del \u00e1rea de Urbanismo, y t\u00e9cnicos municipales, visit\u00f3 esta semana el parque Ausi\u00e0s March, donde el gobierno local planea desarrollar un parque infantil que se convertir\u00e1 en un referente en la Comunidad Valenciana y tomar\u00e1 en cuenta las sugerencias de los ciudadanos. Prieto&#8230;<\/p>\n","protected":false},"author":1,"featured_media":4443,"comment_status":"open","ping_status":"open","sticky":false,"template":"","format":"standard","meta":{"footnotes":""},"categories":[1,27],"tags":[],"class_list":["post-4442","post","type-post","status-publish","format-standard","has-post-thumbnail","hentry","category-actualidad","category-sociedad"],"_links":{"self":[{"href":"https:\/\/infogandia.es\/index.php\/wp-json\/wp\/v2\/posts\/4442","targetHints":{"allow":["GET"]}}],"collection":[{"href":"https:\/\/infogandia.es\/index.php\/wp-json\/wp\/v2\/posts"}],"about":[{"href":"https:\/\/infogandia.es\/index.php\/wp-json\/wp\/v2\/types\/post"}],"author":[{"embeddable":true,"href":"https:\/\/infogandia.es\/index.php\/wp-json\/wp\/v2\/users\/1"}],"replies":[{"embeddable":true,"href":"https:\/\/infogandia.es\/index.php\/wp-json\/wp\/v2\/comments?post=4442"}],"version-history":[{"count":1,"href":"https:\/\/infogandia.es\/index.php\/wp-json\/wp\/v2\/posts\/4442\/revisions"}],"predecessor-version":[{"id":4444,"href":"https:\/\/infogandia.es\/index.php\/wp-json\/wp\/v2\/posts\/4442\/revisions\/4444"}],"wp:featuredmedia":[{"embeddable":true,"href":"https:\/\/infogandia.es\/index.php\/wp-json\/wp\/v2\/media\/4443"}],"wp:attachment":[{"href":"https:\/\/infogandia.es\/index.php\/wp-json\/wp\/v2\/media?parent=4442"}],"wp:term":[{"taxonomy":"category","embeddable":true,"href":"https:\/\/infogandia.es\/index.php\/wp-json\/wp\/v2\/categories?post=4442"},{"taxonomy":"post_tag","embeddable":true,"href":"https:\/\/infogandia.es\/index.php\/wp-json\/wp\/v2\/tags?post=4442"}],"curies":[{"name":"wp","href":"https:\/\/api.w.org\/{rel}","templated":true}]}}