{"id":4475,"date":"2024-09-16T16:13:46","date_gmt":"2024-09-16T16:13:46","guid":{"rendered":"https:\/\/infogandia.es\/?p=4475"},"modified":"2024-09-17T07:38:15","modified_gmt":"2024-09-17T07:38:15","slug":"gandia-celebra-el-regreso-historico-y-espiritual-de-las-reliquias-de-san-francisco-de-borja","status":"publish","type":"post","link":"https:\/\/infogandia.es\/index.php\/2024\/09\/16\/gandia-celebra-el-regreso-historico-y-espiritual-de-las-reliquias-de-san-francisco-de-borja\/","title":{"rendered":"Gandia Celebra el Regreso Hist\u00f3rico y Espiritual de las Reliquias de San Francisco de Borja"},"content":{"rendered":"\n<p>El pasado viernes, Gandia vivi\u00f3 un evento de trascendencia hist\u00f3rica y espiritual con el regreso de las reliquias de San Francisco de Borja, IV Duque de Gandia, a su lugar de origen. Este acto, cargado de profundo simbolismo, marc\u00f3 el retorno de las reliquias a la ciudad 51 a\u00f1os despu\u00e9s de su \u00faltima visita, y fue descrito por el Abad Mitrado de la Insigne Colegiata de Gandia, \u00c1ngel Saneugenio Puig, como \u201chist\u00f3rico e inmortal\u201d.<\/p>\n\n\n\n<p>La ceremonia de recepci\u00f3n comenz\u00f3 a las 20:00 horas en el ic\u00f3nico Palacio Ducal, la hist\u00f3rica residencia natal de San Francisco de Borja, situado en el coraz\u00f3n de Gandia. La llegada de las reliquias, que fueron trasladadas en una urna escoltada por la Polic\u00eda Local y en un coche f\u00fanebre de Guixa, fue recibida con gran solemnidad por el Abad Saneugenio y la Corporaci\u00f3n Municipal, encabezada por el alcalde Jos\u00e9 Manuel Prieto Part.<\/p>\n\n\n\n<p>En su discurso inaugural, el Abad Saneugenio destac\u00f3 el acto como una reparaci\u00f3n de un olvido que data de 1973, cuando las reliquias visitaron Gandia por primera vez, pero no llegaron al Palacio Ducal. Saneugenio describi\u00f3 la llegada de las reliquias al Palacio Ducal como un evento de \u201chist\u00f3rica e inmortal\u201d relevancia, dado que es la primera vez en la historia que se lleva a cabo en este emblem\u00e1tico sitio desde el nacimiento de San Francisco de Borja en 1510.<\/p>\n\n\n\n<figure class=\"wp-block-video\"><video height=\"850\" style=\"aspect-ratio: 478 \/ 850;\" width=\"478\" controls src=\"https:\/\/infogandia.es\/wp-content\/uploads\/2024\/09\/SAN-FRANCISCO-DE-BORJA-2024.mp4\"><\/video><\/figure>\n\n\n\n<p>El alcalde Jos\u00e9 Manuel Prieto Part tambi\u00e9n ofreci\u00f3 un discurso durante la ceremonia, en el que resalt\u00f3 la figura de San Francisco de Borja como \u201cel gandiense m\u00e1s universal\u201d. Prieto destac\u00f3 el impacto de Borja no solo como un importante personaje del siglo XVI, sino tambi\u00e9n como miembro de la familia Borja y religioso influyente, cuya vida y obra trascienden las fronteras locales.<\/p>\n\n\n\n<p>Tras la recepci\u00f3n oficial, a las 20:15 horas, comenz\u00f3 una emotiva procesi\u00f3n c\u00edvica que traslad\u00f3 las reliquias desde el Palacio Ducal hasta la Colegiata de Gandia, conocida localmente como La Seu. El recorrido de la procesi\u00f3n atraves\u00f3 las principales calles del casco hist\u00f3rico de Gandia, incluyendo la calle Duc Alfons el Vell, calle Alexandre VI, calle Major y calle Joan Andr\u00e9s, antes de llegar a la plaza Major y finalmente a la Colegiata. Este trayecto, dise\u00f1ado para ser simb\u00f3licamente significativo, permiti\u00f3 a los residentes y visitantes participar en un evento conmemorativo de gran impacto cultural y espiritual.<\/p>\n\n\n\n<p>La procesi\u00f3n fue acompa\u00f1ada por una representaci\u00f3n destacada de la Semana Santa de Gandia, feligreses, miembros de la Iglesia, representantes pol\u00edticos y la Uni\u00f3n Art\u00edstico Musical Sant Francesc de Borja de Gandia. Este desfile no solo conmemor\u00f3 el regreso de las reliquias, sino que tambi\u00e9n reforz\u00f3 el v\u00ednculo de la ciudad con su patrimonio noble y su pasado religioso.<\/p>\n\n\n\n<p>En la Colegiata, las reliquias ser\u00e1n veneradas hasta el 30 de septiembre, ofreciendo a la comunidad una oportunidad para rendir homenaje a San Francisco de Borja. Este evento subray\u00f3 la relevancia de Borja en la historia local y la importancia de preservar y celebrar el legado cultural y espiritual de Gandia. La jornada culmin\u00f3 como un hito en la historia de la ciudad, destacando su identidad y fortaleciendo su conexi\u00f3n con su pasado hist\u00f3rico y noble.<\/p>\n","protected":false},"excerpt":{"rendered":"<p>El pasado viernes, Gandia vivi\u00f3 un evento de trascendencia hist\u00f3rica y espiritual con el regreso de las reliquias de San Francisco de Borja, IV Duque de Gandia, a su lugar de origen. Este acto, cargado de profundo simbolismo, marc\u00f3 el retorno de las reliquias a la ciudad 51 a\u00f1os despu\u00e9s de su \u00faltima visita, y&#8230;<\/p>\n","protected":false},"author":1,"featured_media":4459,"comment_status":"open","ping_status":"open","sticky":false,"template":"","format":"standard","meta":{"footnotes":""},"categories":[1,27],"tags":[],"class_list":["post-4475","post","type-post","status-publish","format-standard","has-post-thumbnail","hentry","category-actualidad","category-sociedad"],"_links":{"self":[{"href":"https:\/\/infogandia.es\/index.php\/wp-json\/wp\/v2\/posts\/4475","targetHints":{"allow":["GET"]}}],"collection":[{"href":"https:\/\/infogandia.es\/index.php\/wp-json\/wp\/v2\/posts"}],"about":[{"href":"https:\/\/infogandia.es\/index.php\/wp-json\/wp\/v2\/types\/post"}],"author":[{"embeddable":true,"href":"https:\/\/infogandia.es\/index.php\/wp-json\/wp\/v2\/users\/1"}],"replies":[{"embeddable":true,"href":"https:\/\/infogandia.es\/index.php\/wp-json\/wp\/v2\/comments?post=4475"}],"version-history":[{"count":2,"href":"https:\/\/infogandia.es\/index.php\/wp-json\/wp\/v2\/posts\/4475\/revisions"}],"predecessor-version":[{"id":4494,"href":"https:\/\/infogandia.es\/index.php\/wp-json\/wp\/v2\/posts\/4475\/revisions\/4494"}],"wp:featuredmedia":[{"embeddable":true,"href":"https:\/\/infogandia.es\/index.php\/wp-json\/wp\/v2\/media\/4459"}],"wp:attachment":[{"href":"https:\/\/infogandia.es\/index.php\/wp-json\/wp\/v2\/media?parent=4475"}],"wp:term":[{"taxonomy":"category","embeddable":true,"href":"https:\/\/infogandia.es\/index.php\/wp-json\/wp\/v2\/categories?post=4475"},{"taxonomy":"post_tag","embeddable":true,"href":"https:\/\/infogandia.es\/index.php\/wp-json\/wp\/v2\/tags?post=4475"}],"curies":[{"name":"wp","href":"https:\/\/api.w.org\/{rel}","templated":true}]}}