{"id":4477,"date":"2024-09-16T16:21:00","date_gmt":"2024-09-16T16:21:00","guid":{"rendered":"https:\/\/infogandia.es\/?p=4477"},"modified":"2024-09-16T16:21:20","modified_gmt":"2024-09-16T16:21:20","slug":"inicio-del-curso-academico-2024-2025-en-el-campus-de-gandia-jornada-de-acogida-para-mas-de-200-nuevos-estudiantes-de-master","status":"publish","type":"post","link":"https:\/\/infogandia.es\/index.php\/2024\/09\/16\/inicio-del-curso-academico-2024-2025-en-el-campus-de-gandia-jornada-de-acogida-para-mas-de-200-nuevos-estudiantes-de-master\/","title":{"rendered":"Inicio del Curso Acad\u00e9mico 2024-2025 en el Campus de Gandia: Jornada de Acogida para M\u00e1s de 200 Nuevos Estudiantes de M\u00e1ster"},"content":{"rendered":"\n<p>El campus de Gandia ha dado inicio al curso acad\u00e9mico 2024-2025 con una jornada de acogida para los estudiantes de m\u00e1ster, marcando el comienzo de una nueva etapa educativa. M\u00e1s de 200 estudiantes se matricular\u00e1n en los diversos programas de m\u00e1ster ofrecidos en el campus, destacando el reciente M\u00e1ster Universitario en Profesor\/a de Educaci\u00f3n Secundaria, que ha comenzado con la totalidad de sus plazas cubiertas.<\/p>\n\n\n\n<p>La jornada de bienvenida proporciona a los nuevos estudiantes una primera inmersi\u00f3n en la vida universitaria, permiti\u00e9ndoles participar en actividades dise\u00f1adas para familiarizarlos con el campus. La subdirectora de Alumnado e Innovaci\u00f3n Educativa, Eva Mestre, explic\u00f3 que estas sesiones no solo sirven para dar la bienvenida, sino tambi\u00e9n para introducir a los estudiantes al funcionamiento y organizaci\u00f3n del campus. Las actividades incluyen visitas a la biblioteca, talleres de inform\u00e1tica y sesiones sobre las herramientas docentes utilizadas en la universidad.<\/p>\n\n\n\n<p>El campus de Gandia de la UPV ofrece una amplia gama de programas acad\u00e9micos, incluyendo cinco grados, tres dobles grados, seis m\u00e1steres universitarios y un programa de doctorado. Este a\u00f1o, el nuevo M\u00e1ster Universitario en Profesor\/a de Educaci\u00f3n Secundaria se presenta como una respuesta a la demanda local, proporcionando una opci\u00f3n formativa que evita a los estudiantes el desplazamiento a otras ciudades para completar su formaci\u00f3n. Jes\u00fas Alba, director del campus, subray\u00f3 la importancia de este programa para la comarca de la Safor, permitiendo que los interesados en la educaci\u00f3n puedan finalizar su formaci\u00f3n en su propia regi\u00f3n.<\/p>\n\n\n\n<p>Entre los nuevos estudiantes, Sara Ballester y Pascual Tols\u00e1 han compartido sus motivaciones. Sara, que trabaja en el sector privado, mencion\u00f3 su inter\u00e9s en la docencia y su deseo de combinar su experiencia laboral con una futura carrera educativa. Pascual tambi\u00e9n expres\u00f3 su inter\u00e9s en cambiar de sector y dedicarse a la ense\u00f1anza en el futuro.<\/p>\n\n\n\n<p>Adem\u00e1s, el campus de Gandia ha atra\u00eddo a aproximadamente 90 estudiantes internacionales provenientes de Europa, Am\u00e9rica del Sur y \u00c1frica. Estos estudiantes han elegido el campus debido a su tama\u00f1o, la cercan\u00eda de los servicios y la proximidad de la playa. Katayun Mollasalehi, de Alemania, ha optado por estudiar Turismo en Gandia por su amor a la playa y el testimonio positivo de una amiga. Peris Waithera Mwangi, de Kenia, y Juan Contreras, de Chile, han venido a cursar Ciencias Ambientales para comparar y enriquecer su formaci\u00f3n acad\u00e9mica. Juliette Jaupitre, de Francia, est\u00e1 matriculada en el M\u00e1ster Universitario en Evaluaci\u00f3n y Seguimiento Ambiental de Ecosistemas Marinos y Costeros, mientras que Deborah Rinaby, de Per\u00fa, ha decidido especializarse en Comunicaci\u00f3n Transmedia tras su experiencia en marketing.<\/p>\n\n\n\n<p>Con el inicio de las clases, tanto los estudiantes de grado como los de m\u00e1ster han comenzado su andadura acad\u00e9mica en el campus de Gandia, comenzando un nuevo cap\u00edtulo en su formaci\u00f3n universitaria.<\/p>\n\n\n\n<figure class=\"wp-block-image size-large\"><img fetchpriority=\"high\" decoding=\"async\" width=\"1024\" height=\"683\" src=\"http:\/\/infogandia.es\/wp-content\/uploads\/2024\/09\/IMG_campus-1-1024x683.jpg\" alt=\"\" class=\"wp-image-4480\" srcset=\"https:\/\/infogandia.es\/wp-content\/uploads\/2024\/09\/IMG_campus-1-1024x683.jpg 1024w, https:\/\/infogandia.es\/wp-content\/uploads\/2024\/09\/IMG_campus-1-300x200.jpg 300w, https:\/\/infogandia.es\/wp-content\/uploads\/2024\/09\/IMG_campus-1-768x512.jpg 768w, https:\/\/infogandia.es\/wp-content\/uploads\/2024\/09\/IMG_campus-1-1536x1024.jpg 1536w, https:\/\/infogandia.es\/wp-content\/uploads\/2024\/09\/IMG_campus-1-2048x1365.jpg 2048w, https:\/\/infogandia.es\/wp-content\/uploads\/2024\/09\/IMG_campus-1-600x400.jpg 600w\" sizes=\"(max-width: 1024px) 100vw, 1024px\" \/><\/figure>\n","protected":false},"excerpt":{"rendered":"<p>El campus de Gandia ha dado inicio al curso acad\u00e9mico 2024-2025 con una jornada de acogida para los estudiantes de m\u00e1ster, marcando el comienzo de una nueva etapa educativa. M\u00e1s de 200 estudiantes se matricular\u00e1n en los diversos programas de m\u00e1ster ofrecidos en el campus, destacando el reciente M\u00e1ster Universitario en Profesor\/a de Educaci\u00f3n Secundaria,&#8230;<\/p>\n","protected":false},"author":1,"featured_media":4479,"comment_status":"open","ping_status":"open","sticky":false,"template":"","format":"standard","meta":{"footnotes":""},"categories":[1],"tags":[],"class_list":["post-4477","post","type-post","status-publish","format-standard","has-post-thumbnail","hentry","category-actualidad"],"_links":{"self":[{"href":"https:\/\/infogandia.es\/index.php\/wp-json\/wp\/v2\/posts\/4477","targetHints":{"allow":["GET"]}}],"collection":[{"href":"https:\/\/infogandia.es\/index.php\/wp-json\/wp\/v2\/posts"}],"about":[{"href":"https:\/\/infogandia.es\/index.php\/wp-json\/wp\/v2\/types\/post"}],"author":[{"embeddable":true,"href":"https:\/\/infogandia.es\/index.php\/wp-json\/wp\/v2\/users\/1"}],"replies":[{"embeddable":true,"href":"https:\/\/infogandia.es\/index.php\/wp-json\/wp\/v2\/comments?post=4477"}],"version-history":[{"count":2,"href":"https:\/\/infogandia.es\/index.php\/wp-json\/wp\/v2\/posts\/4477\/revisions"}],"predecessor-version":[{"id":4482,"href":"https:\/\/infogandia.es\/index.php\/wp-json\/wp\/v2\/posts\/4477\/revisions\/4482"}],"wp:featuredmedia":[{"embeddable":true,"href":"https:\/\/infogandia.es\/index.php\/wp-json\/wp\/v2\/media\/4479"}],"wp:attachment":[{"href":"https:\/\/infogandia.es\/index.php\/wp-json\/wp\/v2\/media?parent=4477"}],"wp:term":[{"taxonomy":"category","embeddable":true,"href":"https:\/\/infogandia.es\/index.php\/wp-json\/wp\/v2\/categories?post=4477"},{"taxonomy":"post_tag","embeddable":true,"href":"https:\/\/infogandia.es\/index.php\/wp-json\/wp\/v2\/tags?post=4477"}],"curies":[{"name":"wp","href":"https:\/\/api.w.org\/{rel}","templated":true}]}}