{"id":4488,"date":"2024-09-16T16:26:43","date_gmt":"2024-09-16T16:26:43","guid":{"rendered":"https:\/\/infogandia.es\/?p=4488"},"modified":"2024-09-16T16:27:24","modified_gmt":"2024-09-16T16:27:24","slug":"prieto-destaca-la-inversion-de-124-millones-de-euros-del-plan-edificant-en-centros-de-secundaria-y-fp-en-gandia","status":"publish","type":"post","link":"https:\/\/infogandia.es\/index.php\/2024\/09\/16\/prieto-destaca-la-inversion-de-124-millones-de-euros-del-plan-edificant-en-centros-de-secundaria-y-fp-en-gandia\/","title":{"rendered":"Prieto Destaca la Inversi\u00f3n de 12,4 Millones de Euros del Plan Edificant en Centros de Secundaria y FP en Gandia"},"content":{"rendered":"\n<p>El alcalde de Gandia, Jos\u00e9 Manuel Prieto, acompa\u00f1ado por la concejala de Educaci\u00f3n, Esther Sapena, y el presidente de la Junta de Distrito de Corea, Jes\u00fas Naveiro, ha visitado esta ma\u00f1ana el IES Tirant lo Blanc para evaluar el progreso de las obras de adecuaci\u00f3n financiadas por el Plan Edificant, con una inversi\u00f3n de 1,6 millones de euros. La visita, que tuvo lugar tras el inicio del nuevo curso escolar, permiti\u00f3 a los responsables municipales observar las mejoras realizadas y compartir impresiones con la direcci\u00f3n del centro.<\/p>\n\n\n\n<p>Las reformas en el IES Tirant lo Blanc incluyeron la sustituci\u00f3n de las carpinter\u00edas exteriores e interiores y de las cubiertas de los edificios de talleres, la eliminaci\u00f3n del amianto, y la construcci\u00f3n de nuevas escaleras y ascensores. Estas obras son las m\u00e1s significativas realizadas desde la inauguraci\u00f3n del centro en 1979.<\/p>\n\n\n\n<p>Prieto destac\u00f3 que el Gobierno del Bot\u00e1nico ha invertido en Gandia un total de 23 millones de euros, de los cuales 12,5 millones han sido destinados a institutos y centros de formaci\u00f3n profesional (FP). De las cuatro actuaciones previstas, dos ya est\u00e1n completadas: las del IES Tirant lo Blanc y las del IES Mar\u00eda Enr\u00edquez, que recibi\u00f3 1,2 millones de euros para reemplazar ventanas exteriores, renovar la instalaci\u00f3n el\u00e9ctrica, mejorar el sal\u00f3n de actos, renovar el revestimiento de los pasillos y eliminar barreras arquitect\u00f3nicas.<\/p>\n\n\n\n<p>A\u00fan quedan por finalizar dos grandes proyectos: las obras en el IES Veles y Vents, con un presupuesto de 1,1 millones de euros, que incluyen la construcci\u00f3n de un nuevo aula y la adecuaci\u00f3n de los accesos; y la reforma del IES Ausi\u00e0s March, con una inversi\u00f3n de 8,5 millones de euros, prevista para concluir en junio de 2025.<\/p>\n\n\n\n<p>Tras la visita, Prieto subray\u00f3 el compromiso del gobierno municipal con la mejora de los centros educativos, afirmando que<strong><em> &#8220;continuaremos insistiendo y trabajando para el progreso de los centros educativos&#8221;. <\/em><\/strong>El alcalde tambi\u00e9n hizo hincapi\u00e9 en la importancia de la formaci\u00f3n profesional para fortalecer el modelo productivo local y satisfacer las demandas de las empresas.<\/p>\n\n\n\n<p>Prieto anunci\u00f3 la creaci\u00f3n de un nuevo Centro Integrado de Formaci\u00f3n Profesional, cuyo objetivo es completar y mejorar la oferta formativa en Gandia y la comarca. El alcalde revel\u00f3 que se ha firmado un protocolo con la Generalitat Valenciana para garantizar que el centro est\u00e9 operativo en 2028, destacando que <strong><em>&#8220;la apuesta por la FP es estrat\u00e9gica&#8221;.<\/em><\/strong><\/p>\n\n\n\n<p>Por su parte, Esther Sapena destac\u00f3 que en el IES Tirant lo Blanc estudian m\u00e1s de 2.000 personas. <strong><em>&#8220;La FP es esencial, y por eso el nuevo Centro Integrado de Formaci\u00f3n Profesional es vital&#8221;,<\/em><\/strong> a\u00f1adi\u00f3. En relaci\u00f3n con el inicio del curso, Sapena expres\u00f3 su esperanza de poder cubrir la demanda educativa y subray\u00f3 la importancia de acelerar el proceso de construcci\u00f3n del nuevo centro de FP.<\/p>\n\n\n\n<figure class=\"wp-block-image size-large\"><img fetchpriority=\"high\" decoding=\"async\" width=\"1024\" height=\"683\" src=\"https:\/\/infogandia.es\/wp-content\/uploads\/2024\/09\/AO_8166-1024x683.jpg\" alt=\"\" class=\"wp-image-4490\" srcset=\"https:\/\/infogandia.es\/wp-content\/uploads\/2024\/09\/AO_8166-1024x683.jpg 1024w, https:\/\/infogandia.es\/wp-content\/uploads\/2024\/09\/AO_8166-300x200.jpg 300w, https:\/\/infogandia.es\/wp-content\/uploads\/2024\/09\/AO_8166-768x512.jpg 768w, https:\/\/infogandia.es\/wp-content\/uploads\/2024\/09\/AO_8166-1536x1024.jpg 1536w, https:\/\/infogandia.es\/wp-content\/uploads\/2024\/09\/AO_8166-2048x1365.jpg 2048w, https:\/\/infogandia.es\/wp-content\/uploads\/2024\/09\/AO_8166-600x400.jpg 600w\" sizes=\"(max-width: 1024px) 100vw, 1024px\" \/><\/figure>\n","protected":false},"excerpt":{"rendered":"<p>El alcalde de Gandia, Jos\u00e9 Manuel Prieto, acompa\u00f1ado por la concejala de Educaci\u00f3n, Esther Sapena, y el presidente de la Junta de Distrito de Corea, Jes\u00fas Naveiro, ha visitado esta ma\u00f1ana el IES Tirant lo Blanc para evaluar el progreso de las obras de adecuaci\u00f3n financiadas por el Plan Edificant, con una inversi\u00f3n de 1,6&#8230;<\/p>\n","protected":false},"author":1,"featured_media":4489,"comment_status":"open","ping_status":"open","sticky":false,"template":"","format":"standard","meta":{"footnotes":""},"categories":[1,27],"tags":[],"class_list":["post-4488","post","type-post","status-publish","format-standard","has-post-thumbnail","hentry","category-actualidad","category-sociedad"],"_links":{"self":[{"href":"https:\/\/infogandia.es\/index.php\/wp-json\/wp\/v2\/posts\/4488","targetHints":{"allow":["GET"]}}],"collection":[{"href":"https:\/\/infogandia.es\/index.php\/wp-json\/wp\/v2\/posts"}],"about":[{"href":"https:\/\/infogandia.es\/index.php\/wp-json\/wp\/v2\/types\/post"}],"author":[{"embeddable":true,"href":"https:\/\/infogandia.es\/index.php\/wp-json\/wp\/v2\/users\/1"}],"replies":[{"embeddable":true,"href":"https:\/\/infogandia.es\/index.php\/wp-json\/wp\/v2\/comments?post=4488"}],"version-history":[{"count":1,"href":"https:\/\/infogandia.es\/index.php\/wp-json\/wp\/v2\/posts\/4488\/revisions"}],"predecessor-version":[{"id":4491,"href":"https:\/\/infogandia.es\/index.php\/wp-json\/wp\/v2\/posts\/4488\/revisions\/4491"}],"wp:featuredmedia":[{"embeddable":true,"href":"https:\/\/infogandia.es\/index.php\/wp-json\/wp\/v2\/media\/4489"}],"wp:attachment":[{"href":"https:\/\/infogandia.es\/index.php\/wp-json\/wp\/v2\/media?parent=4488"}],"wp:term":[{"taxonomy":"category","embeddable":true,"href":"https:\/\/infogandia.es\/index.php\/wp-json\/wp\/v2\/categories?post=4488"},{"taxonomy":"post_tag","embeddable":true,"href":"https:\/\/infogandia.es\/index.php\/wp-json\/wp\/v2\/tags?post=4488"}],"curies":[{"name":"wp","href":"https:\/\/api.w.org\/{rel}","templated":true}]}}