{"id":4495,"date":"2024-09-17T09:59:01","date_gmt":"2024-09-17T09:59:01","guid":{"rendered":"https:\/\/infogandia.es\/?p=4495"},"modified":"2024-09-17T09:59:02","modified_gmt":"2024-09-17T09:59:02","slug":"gandia-celebra-la-v-gala-gastronomica-solidaria-a-beneficio-de-caritas","status":"publish","type":"post","link":"https:\/\/infogandia.es\/index.php\/2024\/09\/17\/gandia-celebra-la-v-gala-gastronomica-solidaria-a-beneficio-de-caritas\/","title":{"rendered":"Gand\u00eda Celebra la V Gala Gastron\u00f3mica Solidaria a Beneficio de C\u00e1ritas"},"content":{"rendered":"\n<p>Anoche, la plaza del Tirant se convirti\u00f3 en el escenario de la V Gala Gastron\u00f3mica Solidaria de C\u00e1ritas Gand\u00eda, un evento que reuni\u00f3 a m\u00e1s de 350 personas con el objetivo de recaudar fondos para personas sin hogar o en situaci\u00f3n vulnerable.<\/p>\n\n\n\n<p>El alcalde de Gand\u00eda, Jos\u00e9 Manuel Prieto, asisti\u00f3 a la gala acompa\u00f1ado de la concejala de Comercio, Elena Moncho, y otros miembros de la corporaci\u00f3n local. Prieto destac\u00f3 la importancia del evento y agradeci\u00f3 la implicaci\u00f3n de las 48 empresas de Gand\u00eda y la Safor que colaboraron en la organizaci\u00f3n de la gala.<\/p>\n\n\n\n<p>En su discurso, Prieto alab\u00f3 la labor de la Junta Directiva de C\u00e1ritas, subrayando su compromiso y esfuerzo en ayudar a las personas en situaci\u00f3n de exclusi\u00f3n social. &#8220;Su dedicaci\u00f3n es fundamental para ofrecer nuevas oportunidades a quienes m\u00e1s lo necesitan&#8221;, declar\u00f3 el alcalde.<\/p>\n\n\n\n<p>La gala, que cont\u00f3 con un variado repertorio gastron\u00f3mico, fue un \u00e9xito rotundo, demostrando una vez m\u00e1s el gran compromiso de la comunidad con las causas solidarias. Los fondos recaudados contribuir\u00e1n directamente a las actividades y proyectos de C\u00e1ritas Gand\u00eda para mejorar la vida de las personas m\u00e1s desfavorecidas.<\/p>\n\n\n\n<figure class=\"wp-block-image size-large\"><img fetchpriority=\"high\" decoding=\"async\" width=\"1024\" height=\"683\" src=\"https:\/\/infogandia.es\/wp-content\/uploads\/2024\/09\/AO_9070-1-1024x683.jpg\" alt=\"\" class=\"wp-image-4498\" srcset=\"https:\/\/infogandia.es\/wp-content\/uploads\/2024\/09\/AO_9070-1-1024x683.jpg 1024w, https:\/\/infogandia.es\/wp-content\/uploads\/2024\/09\/AO_9070-1-300x200.jpg 300w, https:\/\/infogandia.es\/wp-content\/uploads\/2024\/09\/AO_9070-1-768x512.jpg 768w, https:\/\/infogandia.es\/wp-content\/uploads\/2024\/09\/AO_9070-1-1536x1024.jpg 1536w, https:\/\/infogandia.es\/wp-content\/uploads\/2024\/09\/AO_9070-1-2048x1365.jpg 2048w, https:\/\/infogandia.es\/wp-content\/uploads\/2024\/09\/AO_9070-1-600x400.jpg 600w\" sizes=\"(max-width: 1024px) 100vw, 1024px\" \/><\/figure>\n","protected":false},"excerpt":{"rendered":"<p>Anoche, la plaza del Tirant se convirti\u00f3 en el escenario de la V Gala Gastron\u00f3mica Solidaria de C\u00e1ritas Gand\u00eda, un evento que reuni\u00f3 a m\u00e1s de 350 personas con el objetivo de recaudar fondos para personas sin hogar o en situaci\u00f3n vulnerable. El alcalde de Gand\u00eda, Jos\u00e9 Manuel Prieto, asisti\u00f3 a la gala acompa\u00f1ado de&#8230;<\/p>\n","protected":false},"author":1,"featured_media":4496,"comment_status":"open","ping_status":"open","sticky":false,"template":"","format":"standard","meta":{"footnotes":""},"categories":[1,27],"tags":[],"class_list":["post-4495","post","type-post","status-publish","format-standard","has-post-thumbnail","hentry","category-actualidad","category-sociedad"],"_links":{"self":[{"href":"https:\/\/infogandia.es\/index.php\/wp-json\/wp\/v2\/posts\/4495","targetHints":{"allow":["GET"]}}],"collection":[{"href":"https:\/\/infogandia.es\/index.php\/wp-json\/wp\/v2\/posts"}],"about":[{"href":"https:\/\/infogandia.es\/index.php\/wp-json\/wp\/v2\/types\/post"}],"author":[{"embeddable":true,"href":"https:\/\/infogandia.es\/index.php\/wp-json\/wp\/v2\/users\/1"}],"replies":[{"embeddable":true,"href":"https:\/\/infogandia.es\/index.php\/wp-json\/wp\/v2\/comments?post=4495"}],"version-history":[{"count":1,"href":"https:\/\/infogandia.es\/index.php\/wp-json\/wp\/v2\/posts\/4495\/revisions"}],"predecessor-version":[{"id":4499,"href":"https:\/\/infogandia.es\/index.php\/wp-json\/wp\/v2\/posts\/4495\/revisions\/4499"}],"wp:featuredmedia":[{"embeddable":true,"href":"https:\/\/infogandia.es\/index.php\/wp-json\/wp\/v2\/media\/4496"}],"wp:attachment":[{"href":"https:\/\/infogandia.es\/index.php\/wp-json\/wp\/v2\/media?parent=4495"}],"wp:term":[{"taxonomy":"category","embeddable":true,"href":"https:\/\/infogandia.es\/index.php\/wp-json\/wp\/v2\/categories?post=4495"},{"taxonomy":"post_tag","embeddable":true,"href":"https:\/\/infogandia.es\/index.php\/wp-json\/wp\/v2\/tags?post=4495"}],"curies":[{"name":"wp","href":"https:\/\/api.w.org\/{rel}","templated":true}]}}