{"id":4500,"date":"2024-09-17T10:11:22","date_gmt":"2024-09-17T10:11:22","guid":{"rendered":"https:\/\/infogandia.es\/?p=4500"},"modified":"2024-09-17T10:11:22","modified_gmt":"2024-09-17T10:11:22","slug":"gandia-acogera-la-iii-edicion-de-las-jornadas-contra-la-lgtbifobia-javier-abil-orpegui-este-viernes","status":"publish","type":"post","link":"https:\/\/infogandia.es\/index.php\/2024\/09\/17\/gandia-acogera-la-iii-edicion-de-las-jornadas-contra-la-lgtbifobia-javier-abil-orpegui-este-viernes\/","title":{"rendered":"Gand\u00eda Acoger\u00e1 la III Edici\u00f3n de las Jornadas contra la LGTBIfobia Javier Abil Orpegui este Viernes"},"content":{"rendered":"\n<p>La Casa de la Cultura ser\u00e1 el escenario de la III edici\u00f3n de las Jornadas contra la LGTBIfobia &#8216;Javier Abil Orpegui&#8217;, que se celebrar\u00e1n este viernes, 20 de septiembre, en el sal\u00f3n de actos del mencionado edificio.<\/p>\n\n\n\n<p>La concejala delegada de Igualdad y Diversidad LGTBIQ+, Maribel Codina, y el coordinador del Colectivo LGTB de la Safor-Valldigna, Ximo L\u00f3pez, han presentado hoy el evento, que comenzar\u00e1 a las 18:00 horas con una mesa redonda. En esta mesa participar\u00e1n Julio del Valle, director general de Pol\u00edticas LGTBI+ del Gobierno de Espa\u00f1a; la artista LGTBI+ Paca la Pira\u00f1a; la psic\u00f3loga especialista en LGTBI+, Paloma Maeso; y el presidente de Diversidad Alicante, Juan David Santiago.<\/p>\n\n\n\n<p>Tras la charla, se ofrecer\u00e1 un vino de honor a las 20:00 horas en el jard\u00edn de la Casa de la Marquesa, amenizado por la actuaci\u00f3n musical de Nora la Cantaora. Posteriormente, se celebrar\u00e1 una fiesta en el Tiki Bar, en la playa de Gand\u00eda.<\/p>\n\n\n\n<p>\u201cHace tres a\u00f1os impulsamos este proyecto en honor a Javier Abil, que fue asesinado en Gand\u00eda por motivos de LGTBIfobia. Primero hicimos una declaraci\u00f3n institucional, aprobada por todos los grupos pol\u00edticos de aquel momento, y luego colocamos una placa en su honor en el Marcel\u00b7l\u00ed P\u00e9rez. Posteriormente, creamos estas jornadas, que ya se han convertido en una referencia en la Comunidad Valenciana\u201d, ha se\u00f1alado el portavoz. Tambi\u00e9n ha destacado la importancia de \u201crecordar a todas las v\u00edctimas asesinadas por su orientaci\u00f3n sexual o identidad de g\u00e9nero en un momento en que los discursos de odio y las agresiones a personas hist\u00f3ricamente oprimidas est\u00e1n aumentando de manera alarmante\u201d.<\/p>\n\n\n\n<p>\u201cGand\u00eda es un lugar tolerante y no permitiremos que los delitos de odio queden impunes en nuestra ciudad\u201d, ha concluido.<\/p>\n\n\n\n<p>Por su parte, Codina ha invitado a toda la ciudadan\u00eda a asistir al evento, que contar\u00e1 con un programa muy elaborado, y ha recordado que la entrada ser\u00e1 gratuita y libre. \u201cEs muy gratificante ver c\u00f3mo las personas se suman en contra de la LGTBIfobia y desde el gobierno de Gand\u00eda continuaremos apoyando todas estas iniciativas que demuestran que Gand\u00eda es una ciudad donde todos tienen cabida\u201d, ha finalizado.<\/p>\n\n\n\n<figure class=\"wp-block-image size-large\"><img fetchpriority=\"high\" decoding=\"async\" width=\"1024\" height=\"683\" src=\"https:\/\/infogandia.es\/wp-content\/uploads\/2024\/09\/AO_9666-1024x683.jpg\" alt=\"\" class=\"wp-image-4502\" srcset=\"https:\/\/infogandia.es\/wp-content\/uploads\/2024\/09\/AO_9666-1024x683.jpg 1024w, https:\/\/infogandia.es\/wp-content\/uploads\/2024\/09\/AO_9666-300x200.jpg 300w, https:\/\/infogandia.es\/wp-content\/uploads\/2024\/09\/AO_9666-768x512.jpg 768w, https:\/\/infogandia.es\/wp-content\/uploads\/2024\/09\/AO_9666-1536x1024.jpg 1536w, https:\/\/infogandia.es\/wp-content\/uploads\/2024\/09\/AO_9666-2048x1365.jpg 2048w, https:\/\/infogandia.es\/wp-content\/uploads\/2024\/09\/AO_9666-600x400.jpg 600w\" sizes=\"(max-width: 1024px) 100vw, 1024px\" \/><\/figure>\n","protected":false},"excerpt":{"rendered":"<p>La Casa de la Cultura ser\u00e1 el escenario de la III edici\u00f3n de las Jornadas contra la LGTBIfobia &#8216;Javier Abil Orpegui&#8217;, que se celebrar\u00e1n este viernes, 20 de septiembre, en el sal\u00f3n de actos del mencionado edificio. La concejala delegada de Igualdad y Diversidad LGTBIQ+, Maribel Codina, y el coordinador del Colectivo LGTB de la&#8230;<\/p>\n","protected":false},"author":1,"featured_media":4501,"comment_status":"open","ping_status":"open","sticky":false,"template":"","format":"standard","meta":{"footnotes":""},"categories":[1,27],"tags":[],"class_list":["post-4500","post","type-post","status-publish","format-standard","has-post-thumbnail","hentry","category-actualidad","category-sociedad"],"_links":{"self":[{"href":"https:\/\/infogandia.es\/index.php\/wp-json\/wp\/v2\/posts\/4500","targetHints":{"allow":["GET"]}}],"collection":[{"href":"https:\/\/infogandia.es\/index.php\/wp-json\/wp\/v2\/posts"}],"about":[{"href":"https:\/\/infogandia.es\/index.php\/wp-json\/wp\/v2\/types\/post"}],"author":[{"embeddable":true,"href":"https:\/\/infogandia.es\/index.php\/wp-json\/wp\/v2\/users\/1"}],"replies":[{"embeddable":true,"href":"https:\/\/infogandia.es\/index.php\/wp-json\/wp\/v2\/comments?post=4500"}],"version-history":[{"count":1,"href":"https:\/\/infogandia.es\/index.php\/wp-json\/wp\/v2\/posts\/4500\/revisions"}],"predecessor-version":[{"id":4503,"href":"https:\/\/infogandia.es\/index.php\/wp-json\/wp\/v2\/posts\/4500\/revisions\/4503"}],"wp:featuredmedia":[{"embeddable":true,"href":"https:\/\/infogandia.es\/index.php\/wp-json\/wp\/v2\/media\/4501"}],"wp:attachment":[{"href":"https:\/\/infogandia.es\/index.php\/wp-json\/wp\/v2\/media?parent=4500"}],"wp:term":[{"taxonomy":"category","embeddable":true,"href":"https:\/\/infogandia.es\/index.php\/wp-json\/wp\/v2\/categories?post=4500"},{"taxonomy":"post_tag","embeddable":true,"href":"https:\/\/infogandia.es\/index.php\/wp-json\/wp\/v2\/tags?post=4500"}],"curies":[{"name":"wp","href":"https:\/\/api.w.org\/{rel}","templated":true}]}}