{"id":4504,"date":"2024-09-17T10:15:15","date_gmt":"2024-09-17T10:15:15","guid":{"rendered":"https:\/\/infogandia.es\/?p=4504"},"modified":"2024-09-17T10:15:15","modified_gmt":"2024-09-17T10:15:15","slug":"la-hermandad-de-la-santisima-cruz-celebra-la-exaltacion-de-la-santisima-cruz-con-un-homenaje-a-d-carlos-costa-carbo","status":"publish","type":"post","link":"https:\/\/infogandia.es\/index.php\/2024\/09\/17\/la-hermandad-de-la-santisima-cruz-celebra-la-exaltacion-de-la-santisima-cruz-con-un-homenaje-a-d-carlos-costa-carbo\/","title":{"rendered":"La Hermandad de la Sant\u00edsima Cruz Celebra la Exaltaci\u00f3n de la Sant\u00edsima Cruz con un Homenaje a D. Carlos Costa Carb\u00f3"},"content":{"rendered":"\n<p>El s\u00e1bado 14 de septiembre, la Hermandad de la Sant\u00edsima Cruz conmemor\u00f3 la festividad de la Exaltaci\u00f3n de la Sant\u00edsima Cruz, una celebraci\u00f3n de gran arraigo en la asociaci\u00f3n que se remonta a su fundaci\u00f3n en 1875. La festividad tuvo lugar en la iglesia de las Escuelas P\u00edas, que se visti\u00f3 de gala para acoger a m\u00e1s de un centenar de asistentes.<\/p>\n\n\n\n<p>La jornada comenz\u00f3 con una solemne Eucarist\u00eda presidida por el P. Enric Ferrer Solivares, consiliario de la cofrad\u00eda, en la que los fieles tuvieron la oportunidad de venerar el Lignum Crucis, que alberga una astilla de la Vera Cruz. La ceremonia fue el punto de partida para una serie de actos que destacaron la relevancia de la festividad para la comunidad cofrade.<\/p>\n\n\n\n<p>Durante el transcurso de la Eucarist\u00eda, se llev\u00f3 a cabo la imposici\u00f3n de las Insignias de Plata de la Hermandad a dos cofrades que han dedicado 25 a\u00f1os de su vida de manera ininterrumpida a la asociaci\u00f3n. Los homenajeados, D. Miguel Costa y D. Jos\u00e9 Carlos Vidal, recibieron este reconocimiento como muestra de la gratitud y el aprecio de la cofrad\u00eda por su incansable participaci\u00f3n y colaboraci\u00f3n a lo largo de los a\u00f1os.<\/p>\n\n\n\n<p>La celebraci\u00f3n continu\u00f3 con un acto especial en honor a D. Carlos Costa Carb\u00f3, quien fue Hermano Mayor de la Hermandad desde 2016 hasta 2024. En reconocimiento a su dedicaci\u00f3n y liderazgo durante estos ocho a\u00f1os, la Camarera, D\u00aa. Cristina Mi\u00f1ana, le impuso la insignia de oro, y la nueva Hermana Mayor, D\u00aa. Paula Beltr\u00e1n, le entreg\u00f3 un pergamino conmemorativo. En su discurso, Beltr\u00e1n elogi\u00f3 la labor de Costa Carb\u00f3, destacando su entrega y el impacto positivo que su gesti\u00f3n ha tenido en la Hermandad.<\/p>\n\n\n\n<figure class=\"wp-block-image size-large\"><img fetchpriority=\"high\" decoding=\"async\" width=\"1024\" height=\"768\" src=\"https:\/\/infogandia.es\/wp-content\/uploads\/2024\/09\/Carlos-Costa-recibiendo-el-pergamino-de-agradecimiento-1024x768.jpg\" alt=\"\" class=\"wp-image-4506\" srcset=\"https:\/\/infogandia.es\/wp-content\/uploads\/2024\/09\/Carlos-Costa-recibiendo-el-pergamino-de-agradecimiento-1024x768.jpg 1024w, https:\/\/infogandia.es\/wp-content\/uploads\/2024\/09\/Carlos-Costa-recibiendo-el-pergamino-de-agradecimiento-300x225.jpg 300w, https:\/\/infogandia.es\/wp-content\/uploads\/2024\/09\/Carlos-Costa-recibiendo-el-pergamino-de-agradecimiento-768x576.jpg 768w, https:\/\/infogandia.es\/wp-content\/uploads\/2024\/09\/Carlos-Costa-recibiendo-el-pergamino-de-agradecimiento-1536x1152.jpg 1536w, https:\/\/infogandia.es\/wp-content\/uploads\/2024\/09\/Carlos-Costa-recibiendo-el-pergamino-de-agradecimiento-2048x1536.jpg 2048w\" sizes=\"(max-width: 1024px) 100vw, 1024px\" \/><\/figure>\n\n\n\n<p>El evento cont\u00f3 con la presencia destacada de varias personalidades, incluyendo al Presidente de la Junta Mayor de Hermandades, D. Emili Ripoll, y miembros de la Junta Directiva, la Madrina de la Semana Santa de Gand\u00eda y Camarera del Cristo Resucitado 2025, D\u00aa. Juana Gregori, y los concejales D. Miguel \u00c1ngel Picornell y D. V\u00edctor Soler. Adem\u00e1s, asistieron cofrades de diferentes Hermandades de la ciudad y numerosos miembros de la Hermandad de la Sant\u00edsima Cruz.<\/p>\n\n\n\n<p>Al finalizar la celebraci\u00f3n, los asistentes se dirigieron al claustro del colegio de las Escuelas P\u00edas, donde compartieron un vino de honor en un ambiente de camarader\u00eda y agradecimiento.<\/p>\n\n\n\n<p>Desde la Hermandad de la Sant\u00edsima Cruz se desea expresar un sincero agradecimiento a todos los cofrades, amigos, y autoridades que acompa\u00f1aron a la cofrad\u00eda en esta significativa efem\u00e9ride. La celebraci\u00f3n no solo reafirm\u00f3 el v\u00ednculo entre los miembros de la Hermandad, sino que tambi\u00e9n destac\u00f3 el compromiso continuo con la tradici\u00f3n y el servicio a la comunidad.<\/p>\n\n\n\n<figure class=\"wp-block-image size-large\"><img decoding=\"async\" width=\"1024\" height=\"768\" src=\"https:\/\/infogandia.es\/wp-content\/uploads\/2024\/09\/Presidenta-y-Camarera-junto-con-los-galardonados-1024x768.jpg\" alt=\"\" class=\"wp-image-4507\" srcset=\"https:\/\/infogandia.es\/wp-content\/uploads\/2024\/09\/Presidenta-y-Camarera-junto-con-los-galardonados-1024x768.jpg 1024w, https:\/\/infogandia.es\/wp-content\/uploads\/2024\/09\/Presidenta-y-Camarera-junto-con-los-galardonados-300x225.jpg 300w, https:\/\/infogandia.es\/wp-content\/uploads\/2024\/09\/Presidenta-y-Camarera-junto-con-los-galardonados-768x576.jpg 768w, https:\/\/infogandia.es\/wp-content\/uploads\/2024\/09\/Presidenta-y-Camarera-junto-con-los-galardonados-1536x1152.jpg 1536w, https:\/\/infogandia.es\/wp-content\/uploads\/2024\/09\/Presidenta-y-Camarera-junto-con-los-galardonados-2048x1536.jpg 2048w\" sizes=\"(max-width: 1024px) 100vw, 1024px\" \/><\/figure>\n","protected":false},"excerpt":{"rendered":"<p>El s\u00e1bado 14 de septiembre, la Hermandad de la Sant\u00edsima Cruz conmemor\u00f3 la festividad de la Exaltaci\u00f3n de la Sant\u00edsima Cruz, una celebraci\u00f3n de gran arraigo en la asociaci\u00f3n que se remonta a su fundaci\u00f3n en 1875. La festividad tuvo lugar en la iglesia de las Escuelas P\u00edas, que se visti\u00f3 de gala para acoger&#8230;<\/p>\n","protected":false},"author":1,"featured_media":4505,"comment_status":"open","ping_status":"open","sticky":false,"template":"","format":"standard","meta":{"footnotes":""},"categories":[1,27],"tags":[],"class_list":["post-4504","post","type-post","status-publish","format-standard","has-post-thumbnail","hentry","category-actualidad","category-sociedad"],"_links":{"self":[{"href":"https:\/\/infogandia.es\/index.php\/wp-json\/wp\/v2\/posts\/4504","targetHints":{"allow":["GET"]}}],"collection":[{"href":"https:\/\/infogandia.es\/index.php\/wp-json\/wp\/v2\/posts"}],"about":[{"href":"https:\/\/infogandia.es\/index.php\/wp-json\/wp\/v2\/types\/post"}],"author":[{"embeddable":true,"href":"https:\/\/infogandia.es\/index.php\/wp-json\/wp\/v2\/users\/1"}],"replies":[{"embeddable":true,"href":"https:\/\/infogandia.es\/index.php\/wp-json\/wp\/v2\/comments?post=4504"}],"version-history":[{"count":1,"href":"https:\/\/infogandia.es\/index.php\/wp-json\/wp\/v2\/posts\/4504\/revisions"}],"predecessor-version":[{"id":4508,"href":"https:\/\/infogandia.es\/index.php\/wp-json\/wp\/v2\/posts\/4504\/revisions\/4508"}],"wp:featuredmedia":[{"embeddable":true,"href":"https:\/\/infogandia.es\/index.php\/wp-json\/wp\/v2\/media\/4505"}],"wp:attachment":[{"href":"https:\/\/infogandia.es\/index.php\/wp-json\/wp\/v2\/media?parent=4504"}],"wp:term":[{"taxonomy":"category","embeddable":true,"href":"https:\/\/infogandia.es\/index.php\/wp-json\/wp\/v2\/categories?post=4504"},{"taxonomy":"post_tag","embeddable":true,"href":"https:\/\/infogandia.es\/index.php\/wp-json\/wp\/v2\/tags?post=4504"}],"curies":[{"name":"wp","href":"https:\/\/api.w.org\/{rel}","templated":true}]}}