{"id":4512,"date":"2024-09-18T10:38:22","date_gmt":"2024-09-18T10:38:22","guid":{"rendered":"https:\/\/infogandia.es\/?p=4512"},"modified":"2024-09-18T10:38:26","modified_gmt":"2024-09-18T10:38:26","slug":"el-paisaje-de-palabras-de-maria-ibars-llega-al-campus-de-gandia","status":"publish","type":"post","link":"https:\/\/infogandia.es\/index.php\/2024\/09\/18\/el-paisaje-de-palabras-de-maria-ibars-llega-al-campus-de-gandia\/","title":{"rendered":"El paisaje de palabras de Mar\u00eda Ibars llega al campus de Gand\u00eda"},"content":{"rendered":"\n<p>La exposici\u00f3n itinerante<em> \u201cMar\u00eda Ibars, un paisaje de palabras. Escribir y vivir a la sombra del Montg\u00f3\u201d<\/em> se inaugurar\u00e1 en el campus de Gand\u00eda de la Universitat Polit\u00e8cnica de Val\u00e8ncia (UPV) del 19 al 26 de septiembre. Esta muestra, organizada por la Acad\u00e8mia Valenciana de la Llengua (AVL) y comisariada por Carles Mulet y Rosa Seser, ofrece una profunda mirada a la vida y obra de Mar\u00eda Ibars, quien ha sido reconocida como la escritora del a\u00f1o 2024 por la AVL.<\/p>\n\n\n\n<p>La exposici\u00f3n est\u00e1 compuesta por doce paneles que radiograf\u00edan la trayectoria de esta escritora nacida en Valencia y vinculada a D\u00e9nia. A trav\u00e9s de estos paneles, los visitantes podr\u00e1n descubrir c\u00f3mo Ibars, a pesar de las dificultades de su tiempo, contribuy\u00f3 de manera extraordinaria al cultivo literario de la lengua valenciana durante el franquismo.<\/p>\n\n\n\n<p>Los paneles incluyen t\u00edtulos como <em>\u201cHabitar el verso: Poemas de Penyamar\u201d y \u201cVidas planas: escribir en min\u00fascula\u201d<\/em>, que explican el contexto en el que se desarroll\u00f3 su obra. Adem\u00e1s, se destaca su capacidad para literaturizar la geograf\u00eda y la sociedad de D\u00e9nia y la Marina Alta del siglo XX, un hecho que se refleja en el ep\u00edgrafe<em> \u201cA la sombra del Montg\u00f3\u201d<\/em>, que agrupa su obra creativa.<\/p>\n\n\n\n<p>El Montg\u00f3, una monta\u00f1a emblem\u00e1tica, se convierte en el hilo conductor de la exposici\u00f3n, que tambi\u00e9n presenta fotograf\u00edas de la casa de Penyamar, su espacio predilecto y fuente de inspiraci\u00f3n.<\/p>\n\n\n\n<p>La muestra tambi\u00e9n rinde homenaje a su vocaci\u00f3n como maestra, destacando su labor innovadora en la educaci\u00f3n y su pasi\u00f3n por la lectura, que la llev\u00f3 a crear una biblioteca en su escuela.<\/p>\n\n\n\n<p>Mar\u00eda Ibars es recordada como una mujer fuerte y solitaria, cuya trayectoria vital fue marcada por la independencia y la resiliencia ante las adversidades.<\/p>\n\n\n\n<p>No te pierdas la oportunidad de conocer m\u00e1s sobre esta fascinante escritora en la planta baja de la Biblioteca del campus de Gand\u00eda, donde la exposici\u00f3n estar\u00e1 abierta al p\u00fablico del 19 al 26 de septiembre.<\/p>\n","protected":false},"excerpt":{"rendered":"<p>La exposici\u00f3n itinerante \u201cMar\u00eda Ibars, un paisaje de palabras. Escribir y vivir a la sombra del Montg\u00f3\u201d se inaugurar\u00e1 en el campus de Gand\u00eda de la Universitat Polit\u00e8cnica de Val\u00e8ncia (UPV) del 19 al 26 de septiembre. Esta muestra, organizada por la Acad\u00e8mia Valenciana de la Llengua (AVL) y comisariada por Carles Mulet y Rosa&#8230;<\/p>\n","protected":false},"author":1,"featured_media":4513,"comment_status":"open","ping_status":"open","sticky":false,"template":"","format":"standard","meta":{"footnotes":""},"categories":[1,27],"tags":[],"class_list":["post-4512","post","type-post","status-publish","format-standard","has-post-thumbnail","hentry","category-actualidad","category-sociedad"],"_links":{"self":[{"href":"https:\/\/infogandia.es\/index.php\/wp-json\/wp\/v2\/posts\/4512","targetHints":{"allow":["GET"]}}],"collection":[{"href":"https:\/\/infogandia.es\/index.php\/wp-json\/wp\/v2\/posts"}],"about":[{"href":"https:\/\/infogandia.es\/index.php\/wp-json\/wp\/v2\/types\/post"}],"author":[{"embeddable":true,"href":"https:\/\/infogandia.es\/index.php\/wp-json\/wp\/v2\/users\/1"}],"replies":[{"embeddable":true,"href":"https:\/\/infogandia.es\/index.php\/wp-json\/wp\/v2\/comments?post=4512"}],"version-history":[{"count":1,"href":"https:\/\/infogandia.es\/index.php\/wp-json\/wp\/v2\/posts\/4512\/revisions"}],"predecessor-version":[{"id":4514,"href":"https:\/\/infogandia.es\/index.php\/wp-json\/wp\/v2\/posts\/4512\/revisions\/4514"}],"wp:featuredmedia":[{"embeddable":true,"href":"https:\/\/infogandia.es\/index.php\/wp-json\/wp\/v2\/media\/4513"}],"wp:attachment":[{"href":"https:\/\/infogandia.es\/index.php\/wp-json\/wp\/v2\/media?parent=4512"}],"wp:term":[{"taxonomy":"category","embeddable":true,"href":"https:\/\/infogandia.es\/index.php\/wp-json\/wp\/v2\/categories?post=4512"},{"taxonomy":"post_tag","embeddable":true,"href":"https:\/\/infogandia.es\/index.php\/wp-json\/wp\/v2\/tags?post=4512"}],"curies":[{"name":"wp","href":"https:\/\/api.w.org\/{rel}","templated":true}]}}