{"id":4515,"date":"2024-09-18T10:42:00","date_gmt":"2024-09-18T10:42:00","guid":{"rendered":"https:\/\/infogandia.es\/?p=4515"},"modified":"2024-09-18T10:42:00","modified_gmt":"2024-09-18T10:42:00","slug":"gandia-rinde-homenaje-al-artista-alex-alemany-con-la-muestra-vivir-para-pintar","status":"publish","type":"post","link":"https:\/\/infogandia.es\/index.php\/2024\/09\/18\/gandia-rinde-homenaje-al-artista-alex-alemany-con-la-muestra-vivir-para-pintar\/","title":{"rendered":"Gand\u00eda rinde homenaje al artista \u00c1lex Alemany con la muestra &#8216;Vivir para pintar&#8217;"},"content":{"rendered":"\n<p>El alcalde de Gand\u00eda, Jos\u00e9 Manuel Prieto, junto a la concejala de Cultura y Turismo, Balbina Sendra, y otros miembros de la corporaci\u00f3n municipal, asistieron ayer a la inauguraci\u00f3n de la exposici\u00f3n<strong> &#8216;Vivir para pintar&#8217;,<\/strong> dedicada al pintor gandiense \u00c1lex Alemany, quien falleci\u00f3 en 2021. Esta muestra forma parte de la programaci\u00f3n de la Fira y Festes 2024, junto a otras cinco exposiciones de arte.<\/p>\n\n\n\n<p>La exposici\u00f3n, que estar\u00e1 abierta al p\u00fablico hasta el 13 de octubre, ofrece una visi\u00f3n retrospectiva de la obra de Alemany, que se inscribe en movimientos como el realismo m\u00e1gico y el abstracto impresionista, fusionando conceptos comunes con formas on\u00edricas. Durante su intervenci\u00f3n, el alcalde destac\u00f3 que esta exposici\u00f3n no solo es <strong><em>&#8220;una asignatura pendiente que ten\u00eda la ciudad&#8221;<\/em>,<\/strong> sino que tambi\u00e9n representa<em><strong> &#8220;el mejor tributo que podemos rendir los gandianos a su persona y a su gran legado art\u00edstico&#8221;.<\/strong><\/em><\/p>\n\n\n\n<p>Prieto tambi\u00e9n subray\u00f3 el valor de Alemany como artista y como persona que &#8220;no se presentaba a concursos ni cert\u00e1menes, sino que se ganaba la vida con su oficio&#8221;. Agradeci\u00f3 la presencia de su viuda, Mar\u00eda Hern\u00e1ndez, as\u00ed como el apoyo de la Fundaci\u00f3n Mutua Levante y el trabajo del Departamento de Cultura para hacer posible esta muestra.<\/p>\n\n\n\n<p>La exhibici\u00f3n se puede visitar de lunes a s\u00e1bado de 10:30 a 14:00 horas y de 17:30 a 20:00 horas, y los domingos de 18:00 a 20:00 horas.<\/p>\n\n\n\n<figure class=\"wp-block-image size-large\"><img fetchpriority=\"high\" decoding=\"async\" width=\"1024\" height=\"683\" src=\"http:\/\/infogandia.es\/wp-content\/uploads\/2024\/09\/5_240917-frances_240917_5740-1024x683.jpg\" alt=\"\" class=\"wp-image-4516\" srcset=\"https:\/\/infogandia.es\/wp-content\/uploads\/2024\/09\/5_240917-frances_240917_5740-1024x683.jpg 1024w, https:\/\/infogandia.es\/wp-content\/uploads\/2024\/09\/5_240917-frances_240917_5740-300x200.jpg 300w, https:\/\/infogandia.es\/wp-content\/uploads\/2024\/09\/5_240917-frances_240917_5740-768x512.jpg 768w, https:\/\/infogandia.es\/wp-content\/uploads\/2024\/09\/5_240917-frances_240917_5740-1536x1024.jpg 1536w, https:\/\/infogandia.es\/wp-content\/uploads\/2024\/09\/5_240917-frances_240917_5740-600x400.jpg 600w, https:\/\/infogandia.es\/wp-content\/uploads\/2024\/09\/5_240917-frances_240917_5740.jpg 1600w\" sizes=\"(max-width: 1024px) 100vw, 1024px\" \/><\/figure>\n\n\n\n<p><strong>Sobre el artista<\/strong><br>Nacido en Gand\u00eda el 5 de enero de 1943, \u00c1lex Alemany curs\u00f3 sus estudios de bachillerato en las Escuelas P\u00edas. A los 17 a\u00f1os, comenz\u00f3 una nueva etapa en la Escuela de Artes y Oficios de Valencia, donde se prepar\u00f3 para ingresar a la Academia de Bellas Artes de San Carlos. En 1965, con 22 a\u00f1os, viaj\u00f3 a Par\u00eds, donde tuvo la oportunidad de recibir lecciones de otros artistas contempor\u00e1neos. A los 25, se traslad\u00f3 a Londres para ampliar sus estudios en la National Portrait Gallery.<\/p>\n","protected":false},"excerpt":{"rendered":"<p>El alcalde de Gand\u00eda, Jos\u00e9 Manuel Prieto, junto a la concejala de Cultura y Turismo, Balbina Sendra, y otros miembros de la corporaci\u00f3n municipal, asistieron ayer a la inauguraci\u00f3n de la exposici\u00f3n &#8216;Vivir para pintar&#8217;, dedicada al pintor gandiense \u00c1lex Alemany, quien falleci\u00f3 en 2021. Esta muestra forma parte de la programaci\u00f3n de la Fira&#8230;<\/p>\n","protected":false},"author":1,"featured_media":4517,"comment_status":"open","ping_status":"open","sticky":false,"template":"","format":"standard","meta":{"footnotes":""},"categories":[1,27],"tags":[],"class_list":["post-4515","post","type-post","status-publish","format-standard","has-post-thumbnail","hentry","category-actualidad","category-sociedad"],"_links":{"self":[{"href":"https:\/\/infogandia.es\/index.php\/wp-json\/wp\/v2\/posts\/4515","targetHints":{"allow":["GET"]}}],"collection":[{"href":"https:\/\/infogandia.es\/index.php\/wp-json\/wp\/v2\/posts"}],"about":[{"href":"https:\/\/infogandia.es\/index.php\/wp-json\/wp\/v2\/types\/post"}],"author":[{"embeddable":true,"href":"https:\/\/infogandia.es\/index.php\/wp-json\/wp\/v2\/users\/1"}],"replies":[{"embeddable":true,"href":"https:\/\/infogandia.es\/index.php\/wp-json\/wp\/v2\/comments?post=4515"}],"version-history":[{"count":1,"href":"https:\/\/infogandia.es\/index.php\/wp-json\/wp\/v2\/posts\/4515\/revisions"}],"predecessor-version":[{"id":4518,"href":"https:\/\/infogandia.es\/index.php\/wp-json\/wp\/v2\/posts\/4515\/revisions\/4518"}],"wp:featuredmedia":[{"embeddable":true,"href":"https:\/\/infogandia.es\/index.php\/wp-json\/wp\/v2\/media\/4517"}],"wp:attachment":[{"href":"https:\/\/infogandia.es\/index.php\/wp-json\/wp\/v2\/media?parent=4515"}],"wp:term":[{"taxonomy":"category","embeddable":true,"href":"https:\/\/infogandia.es\/index.php\/wp-json\/wp\/v2\/categories?post=4515"},{"taxonomy":"post_tag","embeddable":true,"href":"https:\/\/infogandia.es\/index.php\/wp-json\/wp\/v2\/tags?post=4515"}],"curies":[{"name":"wp","href":"https:\/\/api.w.org\/{rel}","templated":true}]}}