{"id":4562,"date":"2024-09-24T16:06:45","date_gmt":"2024-09-24T16:06:45","guid":{"rendered":"https:\/\/infogandia.es\/?p=4562"},"modified":"2024-09-24T16:06:45","modified_gmt":"2024-09-24T16:06:45","slug":"los-ninos-del-pleno-sobre-movilidad-sostenible-de-gandia-solicitan-mas-zonas-peatonales-y-el-fomento-del-transporte-electrico","status":"publish","type":"post","link":"https:\/\/infogandia.es\/index.php\/2024\/09\/24\/los-ninos-del-pleno-sobre-movilidad-sostenible-de-gandia-solicitan-mas-zonas-peatonales-y-el-fomento-del-transporte-electrico\/","title":{"rendered":"Los ni\u00f1os del pleno sobre movilidad sostenible de Gandia solicitan m\u00e1s zonas peatonales y el fomento del transporte el\u00e9ctrico"},"content":{"rendered":"\n<p>Esta ma\u00f1ana, el alcalde de Gandia, Jos\u00e9 Manuel Prieto, ha presidido el Pleno de Educaci\u00f3n Vial, celebrado en el Ayuntamiento como parte de las actividades organizadas con motivo de la Semana Europea de la Movilidad Sostenible.<\/p>\n\n\n\n<p>En este pleno, han participado 17 alumnos de sexto de primaria, quienes fueron seleccionados tras participar en un concurso de redacci\u00f3n en el que presentaron sus propuestas para mejorar la movilidad y hacer de Gandia una ciudad m\u00e1s amigable con el medio ambiente y los peatones.<\/p>\n\n\n\n<p>Prieto ha agradecido a la comunidad educativa por su implicaci\u00f3n en esta iniciativa, cuyo objetivo es concienciar sobre la importancia de la movilidad sostenible desde edades tempranas. &#8220;Hoy abordamos un tema que es m\u00e1s importante que muchos otros que tratamos en este sal\u00f3n de plenos. Esta es una reuni\u00f3n especial donde tomamos nota de vuestras ideas para hacer de Gandia una ciudad m\u00e1s amable con la movilidad y con las personas. Estoy seguro de que todos aprenderemos mucho&#8221;, ha declarado el alcalde.<\/p>\n\n\n\n<p>Entre las propuestas presentadas por los estudiantes destacan el aumento de la red de carriles bici, la mejora de la accesibilidad en las aceras, el fomento del uso de patinetes el\u00e9ctricos y bicicletas, as\u00ed como la limitaci\u00f3n de zonas de la ciudad donde se permita la circulaci\u00f3n de veh\u00edculos a motor. Los ni\u00f1os tambi\u00e9n hicieron hincapi\u00e9 en la necesidad de crear m\u00e1s zonas peatonales y favorecer el uso de transportes el\u00e9ctricos para reducir la contaminaci\u00f3n y mejorar la calidad de vida en la ciudad.<\/p>\n\n\n\n<p>Este pleno es una de las muchas actividades que Gandia ha preparado durante la Semana Europea de la Movilidad Sostenible, que busca promover una ciudad m\u00e1s limpia, segura y accesible para todos los ciudadanos.<\/p>\n","protected":false},"excerpt":{"rendered":"<p>Esta ma\u00f1ana, el alcalde de Gandia, Jos\u00e9 Manuel Prieto, ha presidido el Pleno de Educaci\u00f3n Vial, celebrado en el Ayuntamiento como parte de las actividades organizadas con motivo de la Semana Europea de la Movilidad Sostenible. En este pleno, han participado 17 alumnos de sexto de primaria, quienes fueron seleccionados tras participar en un concurso&#8230;<\/p>\n","protected":false},"author":1,"featured_media":4563,"comment_status":"open","ping_status":"open","sticky":false,"template":"","format":"standard","meta":{"footnotes":""},"categories":[1,5],"tags":[],"class_list":["post-4562","post","type-post","status-publish","format-standard","has-post-thumbnail","hentry","category-actualidad","category-educacion"],"_links":{"self":[{"href":"https:\/\/infogandia.es\/index.php\/wp-json\/wp\/v2\/posts\/4562","targetHints":{"allow":["GET"]}}],"collection":[{"href":"https:\/\/infogandia.es\/index.php\/wp-json\/wp\/v2\/posts"}],"about":[{"href":"https:\/\/infogandia.es\/index.php\/wp-json\/wp\/v2\/types\/post"}],"author":[{"embeddable":true,"href":"https:\/\/infogandia.es\/index.php\/wp-json\/wp\/v2\/users\/1"}],"replies":[{"embeddable":true,"href":"https:\/\/infogandia.es\/index.php\/wp-json\/wp\/v2\/comments?post=4562"}],"version-history":[{"count":1,"href":"https:\/\/infogandia.es\/index.php\/wp-json\/wp\/v2\/posts\/4562\/revisions"}],"predecessor-version":[{"id":4564,"href":"https:\/\/infogandia.es\/index.php\/wp-json\/wp\/v2\/posts\/4562\/revisions\/4564"}],"wp:featuredmedia":[{"embeddable":true,"href":"https:\/\/infogandia.es\/index.php\/wp-json\/wp\/v2\/media\/4563"}],"wp:attachment":[{"href":"https:\/\/infogandia.es\/index.php\/wp-json\/wp\/v2\/media?parent=4562"}],"wp:term":[{"taxonomy":"category","embeddable":true,"href":"https:\/\/infogandia.es\/index.php\/wp-json\/wp\/v2\/categories?post=4562"},{"taxonomy":"post_tag","embeddable":true,"href":"https:\/\/infogandia.es\/index.php\/wp-json\/wp\/v2\/tags?post=4562"}],"curies":[{"name":"wp","href":"https:\/\/api.w.org\/{rel}","templated":true}]}}