{"id":4565,"date":"2024-09-25T16:50:08","date_gmt":"2024-09-25T16:50:08","guid":{"rendered":"https:\/\/infogandia.es\/?p=4565"},"modified":"2024-09-25T16:50:08","modified_gmt":"2024-09-25T16:50:08","slug":"gandia-reconocera-al-sector-turistico-foment-aic-y-zoo-en-el-acto-civico-del-30-de-septiembre-en-el-palau-ducal","status":"publish","type":"post","link":"https:\/\/infogandia.es\/index.php\/2024\/09\/25\/gandia-reconocera-al-sector-turistico-foment-aic-y-zoo-en-el-acto-civico-del-30-de-septiembre-en-el-palau-ducal\/","title":{"rendered":"Gandia reconocer\u00e1 al sector tur\u00edstico, Foment AIC y ZOO en el Acto C\u00edvico del 30 de septiembre en el Palau Ducal"},"content":{"rendered":"\n<p>El Ayuntamiento de Gandia celebrar\u00e1 el pr\u00f3ximo 30 de septiembre a las 10:00 horas, en el Palau Ducal, el IV Acto C\u00edvico \u2018Ciutat de Gandia\u2019, en el que se rendir\u00e1 homenaje al sector tur\u00edstico, a Foment AIC y al grupo musical ZOO.<\/p>\n\n\n\n<p>El alcalde de Gandia, Jos\u00e9 Manuel Prieto, tras la firma del Decreto correspondiente y despu\u00e9s de informar a los portavoces de los distintos grupos pol\u00edticos, quienes han apoyado un\u00e1nimemente la decisi\u00f3n, ha destacado la importancia de este evento. &#8220;Desde hace cuatro a\u00f1os, el Acto C\u00edvico supone una celebraci\u00f3n del orgullo de ciudad y un reconocimiento a las personas que han contribuido y contin\u00faan contribuyendo a este gran proyecto colectivo que es Gandia&#8221;, afirm\u00f3 Prieto.<\/p>\n\n\n\n<p>En relaci\u00f3n con el sector tur\u00edstico, el alcalde ha subrayado su relevancia como motor econ\u00f3mico de la ciudad, destacando su perseverancia, la calidad de Gandia como destino tur\u00edstico y los numerosos reconocimientos obtenidos. \u201cEl sector tur\u00edstico ha sido clave para la prosperidad de Gandia, por eso reconocemos a los grandes profesionales del turismo que tenemos\u201d, se\u00f1al\u00f3 Prieto.<\/p>\n\n\n\n<p>El Decreto contempla un reconocimiento especial a diversas asociaciones clave del sector, como la Asociaci\u00f3n de Apartamentos de Alquiler de Gandia (ALOGA), la Asociaci\u00f3n Comarcal de Gastronom\u00eda y Turismo (DEST\u00cdSAFOR), la Xarxa d&#8217;Espais Culturals (XEC), la Asociaci\u00f3n Empresarial Hotelera de Gandia y La Safor (AEHGS), as\u00ed como a los campings locales. Adem\u00e1s, se homenajear\u00e1 a empresas tur\u00edsticas con m\u00e1s de 40 a\u00f1os de trayectoria, entre las que se incluyen el Hotel Safari, Hotel Tres Anclas, Helados Artesanos Jerez y Restaurante Ripoll, entre otros.<\/p>\n\n\n\n<p>Respecto a Foment AIC, se resaltar\u00e1 su papel hist\u00f3rico en el a\u00f1o de su centenario. \u201cFoment es s\u00edmbolo de Gandia, un espacio dedicado al avance y progreso en el coraz\u00f3n de la ciudad\u201d, declar\u00f3 Prieto.<\/p>\n\n\n\n<p>Finalmente, el alcalde tambi\u00e9n destac\u00f3 al grupo musical ZOO, liderado por Toni S\u00e1nchez \u2018Panxo\u2019, como un referente cultural de la ciudad. \u201cZOO ha sido uno de los mejores embajadores de Gandia dentro y fuera de nuestras fronteras, y su concierto de despedida aqu\u00ed fue un verdadero honor\u201d, concluy\u00f3.<\/p>\n\n\n\n<p>Con este acto, Gandia reafirma su compromiso de continuar trabajando colectivamente por una ciudad mejor y reconocer a quienes han sido parte fundamental de su crecimiento y \u00e9xito.<\/p>\n","protected":false},"excerpt":{"rendered":"<p>**Gandia reconocer\u00e1 al sector tur\u00edstico, Foment AIC y ZOO en el Acto C\u00edvico del 30 de septiembre en el Palau Ducal**<\/p>\n<p>*Jos\u00e9 Manuel Prieto: &#8220;Desde hace cuatro a\u00f1os, el Acto C\u00edvico es una celebraci\u00f3n de orgullo de ciudad y un reconocimiento a quienes han contribuido y siguen contribuyendo a este gran proyecto colectivo que es Gandia&#8221;.*<\/p>\n<p>**Gandia, 25 de septiembre de 2024** \u2013 El Ayuntamiento de Gandia celebrar\u00e1 el pr\u00f3ximo 30 de septiembre a las 10:00 horas, en el Palau Ducal, el IV Acto C\u00edvico \u2018Ciutat de Gandia\u2019, en el que se rendir\u00e1 homenaje al sector tur\u00edstico, a Foment AIC y al grupo musical ZOO.<\/p>\n<p>El alcalde de Gandia, Jos\u00e9 Manuel Prieto, tras la firma del Decreto correspondiente y despu\u00e9s de informar a los portavoces de los distintos grupos pol\u00edticos, quienes han apoyado un\u00e1nimemente la decisi\u00f3n, ha destacado la importancia de este evento. &#8220;Desde hace cuatro a\u00f1os, el Acto C\u00edvico supone una celebraci\u00f3n del orgullo de ciudad y un reconocimiento a las personas que han contribuido y contin\u00faan contribuyendo a este gran proyecto colectivo que es Gandia&#8221;, afirm\u00f3 Prieto.<\/p>\n<p>En relaci\u00f3n con el sector tur\u00edstico, el alcalde ha subrayado su relevancia como motor econ\u00f3mico de la ciudad, destacando su perseverancia, la calidad de Gandia como destino tur\u00edstico y los numerosos reconocimientos obtenidos. \u201cEl sector tur\u00edstico ha sido clave para la prosperidad de Gandia, por eso reconocemos a los grandes profesionales del turismo que tenemos\u201d, se\u00f1al\u00f3 Prieto.<\/p>\n<p>El Decreto contempla un reconocimiento especial a diversas asociaciones clave del sector, como la Asociaci\u00f3n de Apartamentos de Alquiler de Gandia (ALOGA), la Asociaci\u00f3n Comarcal de Gastronom\u00eda y Turismo (DEST\u00cdSAFOR), la Xarxa d&#8217;Espais Culturals (XEC), la Asociaci\u00f3n Empresarial Hotelera de Gandia y La Safor (AEHGS), as\u00ed como a los campings locales. Adem\u00e1s, se homenajear\u00e1 a empresas tur\u00edsticas con m\u00e1s de 40 a\u00f1os de trayectoria, entre las que se incluyen el Hotel Safari, Hotel Tres Anclas, Helados Artesanos Jerez y Restaurante Ripoll, entre otros.<\/p>\n<p>Respecto a Foment AIC, se resaltar\u00e1 su papel hist\u00f3rico en el a\u00f1o de su centenario. \u201cFoment es s\u00edmbolo de Gandia, un espacio dedicado al avance y progreso en el coraz\u00f3n de la ciudad\u201d, declar\u00f3 Prieto.<\/p>\n<p>Finalmente, el alcalde tambi\u00e9n destac\u00f3 al grupo musical ZOO, liderado por Toni S\u00e1nchez \u2018Panxo\u2019, como un referente cultural de la ciudad. \u201cZOO ha sido uno de los mejores embajadores de Gandia dentro y fuera de nuestras fronteras, y su concierto de despedida aqu\u00ed fue un verdadero honor\u201d, concluy\u00f3.<\/p>\n<p>Con este acto, Gandia reafirma su compromiso de continuar trabajando colectivamente por una ciudad mejor y reconocer a quienes han sido parte fundamental de su crecimiento y \u00e9xito.<\/p>\n","protected":false},"author":1,"featured_media":4566,"comment_status":"open","ping_status":"open","sticky":false,"template":"","format":"standard","meta":{"footnotes":""},"categories":[1,27],"tags":[],"class_list":["post-4565","post","type-post","status-publish","format-standard","has-post-thumbnail","hentry","category-actualidad","category-sociedad"],"_links":{"self":[{"href":"https:\/\/infogandia.es\/index.php\/wp-json\/wp\/v2\/posts\/4565","targetHints":{"allow":["GET"]}}],"collection":[{"href":"https:\/\/infogandia.es\/index.php\/wp-json\/wp\/v2\/posts"}],"about":[{"href":"https:\/\/infogandia.es\/index.php\/wp-json\/wp\/v2\/types\/post"}],"author":[{"embeddable":true,"href":"https:\/\/infogandia.es\/index.php\/wp-json\/wp\/v2\/users\/1"}],"replies":[{"embeddable":true,"href":"https:\/\/infogandia.es\/index.php\/wp-json\/wp\/v2\/comments?post=4565"}],"version-history":[{"count":1,"href":"https:\/\/infogandia.es\/index.php\/wp-json\/wp\/v2\/posts\/4565\/revisions"}],"predecessor-version":[{"id":4567,"href":"https:\/\/infogandia.es\/index.php\/wp-json\/wp\/v2\/posts\/4565\/revisions\/4567"}],"wp:featuredmedia":[{"embeddable":true,"href":"https:\/\/infogandia.es\/index.php\/wp-json\/wp\/v2\/media\/4566"}],"wp:attachment":[{"href":"https:\/\/infogandia.es\/index.php\/wp-json\/wp\/v2\/media?parent=4565"}],"wp:term":[{"taxonomy":"category","embeddable":true,"href":"https:\/\/infogandia.es\/index.php\/wp-json\/wp\/v2\/categories?post=4565"},{"taxonomy":"post_tag","embeddable":true,"href":"https:\/\/infogandia.es\/index.php\/wp-json\/wp\/v2\/tags?post=4565"}],"curies":[{"name":"wp","href":"https:\/\/api.w.org\/{rel}","templated":true}]}}