{"id":4573,"date":"2024-09-26T07:17:22","date_gmt":"2024-09-26T07:17:22","guid":{"rendered":"https:\/\/infogandia.es\/?p=4573"},"modified":"2024-09-26T07:17:22","modified_gmt":"2024-09-26T07:17:22","slug":"cristina-de-middel-presenta-su-exposicion-grados-de-domesticacion-en-el-campus-de-gandia-de-la-upv","status":"publish","type":"post","link":"https:\/\/infogandia.es\/index.php\/2024\/09\/26\/cristina-de-middel-presenta-su-exposicion-grados-de-domesticacion-en-el-campus-de-gandia-de-la-upv\/","title":{"rendered":"Cristina De Middel presenta su exposici\u00f3n &#8220;Grados de domesticaci\u00f3n&#8221; en el campus de Gandia de la UPV"},"content":{"rendered":"\n<p>La reconocida fot\u00f3grafa y actual presidenta de la agencia Magnum Photos, Cristina De Middel, inaugura hoy, jueves 26 de septiembre de 2024, su exposici\u00f3n &#8220;Grados de domesticaci\u00f3n&#8221; en el campus de Gandia de la Universitat Polit\u00e8cnica de Val\u00e8ncia (UPV). La muestra, que estar\u00e1 abierta al p\u00fablico hasta el 31 de octubre en la Sala de Usos M\u00faltiples del Edificio CRAI, re\u00fane una serie de once fotograf\u00edas digitales creadas por De Middel espec\u00edficamente para la UPV, relacionadas con los grados que se imparten en la universidad.<\/p>\n\n\n\n<p>Tras su paso por los campus de Alcoy y Vera, esta exposici\u00f3n llega a Gandia, ofreciendo una nueva oportunidad para explorar el trabajo de De Middel, una artista que desaf\u00eda las convenciones del fotoperiodismo tradicional y utiliza la ficci\u00f3n para reinterpretar la realidad.<\/p>\n\n\n\n<p>Premio Nacional de Fotograf\u00eda en 2017, De Middel ha sido ampliamente reconocida por su capacidad para transformar el lenguaje fotogr\u00e1fico, abordando con creatividad y cr\u00edtica la fotograf\u00eda documental. En su carrera ha publicado m\u00e1s de una docena de fotolibros, como el c\u00e9lebre &#8220;Afronautas&#8221;, por el que fue nominada al prestigioso premio Deutsche B\u00f6rse en 2013. Adem\u00e1s, su impacto internacional se consolid\u00f3 en 2022 cuando fue elegida directora de la Agencia Magnum, una de las m\u00e1s influyentes del mundo.<\/p>\n\n\n\n<p>La exposici\u00f3n &#8220;Grados de domesticaci\u00f3n&#8221; es una oportunidad para acercarse al estilo \u00fanico de Cristina De Middel, una artista con profundas ra\u00edces en la UPV, donde se gradu\u00f3 en Bellas Artes.<\/p>\n","protected":false},"excerpt":{"rendered":"<p>La reconocida fot\u00f3grafa y actual presidenta de la agencia Magnum Photos, Cristina De Middel, inaugura hoy, jueves 26 de septiembre de 2024, su exposici\u00f3n &#8220;Grados de domesticaci\u00f3n&#8221; en el campus de Gandia de la Universitat Polit\u00e8cnica de Val\u00e8ncia (UPV). La muestra, que estar\u00e1 abierta al p\u00fablico hasta el 31 de octubre en la Sala de&#8230;<\/p>\n","protected":false},"author":1,"featured_media":4574,"comment_status":"open","ping_status":"open","sticky":false,"template":"","format":"standard","meta":{"footnotes":""},"categories":[1,5,27],"tags":[],"class_list":["post-4573","post","type-post","status-publish","format-standard","has-post-thumbnail","hentry","category-actualidad","category-educacion","category-sociedad"],"_links":{"self":[{"href":"https:\/\/infogandia.es\/index.php\/wp-json\/wp\/v2\/posts\/4573","targetHints":{"allow":["GET"]}}],"collection":[{"href":"https:\/\/infogandia.es\/index.php\/wp-json\/wp\/v2\/posts"}],"about":[{"href":"https:\/\/infogandia.es\/index.php\/wp-json\/wp\/v2\/types\/post"}],"author":[{"embeddable":true,"href":"https:\/\/infogandia.es\/index.php\/wp-json\/wp\/v2\/users\/1"}],"replies":[{"embeddable":true,"href":"https:\/\/infogandia.es\/index.php\/wp-json\/wp\/v2\/comments?post=4573"}],"version-history":[{"count":1,"href":"https:\/\/infogandia.es\/index.php\/wp-json\/wp\/v2\/posts\/4573\/revisions"}],"predecessor-version":[{"id":4575,"href":"https:\/\/infogandia.es\/index.php\/wp-json\/wp\/v2\/posts\/4573\/revisions\/4575"}],"wp:featuredmedia":[{"embeddable":true,"href":"https:\/\/infogandia.es\/index.php\/wp-json\/wp\/v2\/media\/4574"}],"wp:attachment":[{"href":"https:\/\/infogandia.es\/index.php\/wp-json\/wp\/v2\/media?parent=4573"}],"wp:term":[{"taxonomy":"category","embeddable":true,"href":"https:\/\/infogandia.es\/index.php\/wp-json\/wp\/v2\/categories?post=4573"},{"taxonomy":"post_tag","embeddable":true,"href":"https:\/\/infogandia.es\/index.php\/wp-json\/wp\/v2\/tags?post=4573"}],"curies":[{"name":"wp","href":"https:\/\/api.w.org\/{rel}","templated":true}]}}