{"id":4595,"date":"2024-10-01T14:44:00","date_gmt":"2024-10-01T14:44:00","guid":{"rendered":"https:\/\/infogandia.es\/?p=4595"},"modified":"2024-10-01T14:44:03","modified_gmt":"2024-10-01T14:44:03","slug":"la-fira-i-festes-de-gandia-finaliza-con-gran-exito-de-participacion-y-un-notable-impacto-economico","status":"publish","type":"post","link":"https:\/\/infogandia.es\/index.php\/2024\/10\/01\/la-fira-i-festes-de-gandia-finaliza-con-gran-exito-de-participacion-y-un-notable-impacto-economico\/","title":{"rendered":"La Fira i Festes de Gandia finaliza con gran \u00e9xito de participaci\u00f3n y un notable impacto econ\u00f3mico"},"content":{"rendered":"\n<p>La Fira i Festes de Gandia, celebrada del 27 al 30 de septiembre, ha concluido con un notable \u00e9xito de acogida por parte de la ciudadan\u00eda y visitantes, consolid\u00e1ndose como un evento clave para la proyecci\u00f3n de la ciudad y su econom\u00eda. As\u00ed lo han destacado el alcalde de Gandia, Jos\u00e9 Manuel Prieto, y la regidora de Cultura y Pol\u00edtica Festiva, Balbina Sendra, en una rueda de prensa donde han hecho balance del evento.<\/p>\n\n\n\n<p>El alcalde, visiblemente satisfecho, ha subrayado el car\u00e1cter colectivo de este logro: <strong><em>&#8220;La Fira es un elemento de orgullo y de proyecci\u00f3n para la ciudad, un \u00e9xito colectivo, pero no nos conformamos. Continuaremos trabajando en este modelo ya consolidado, con actividades de calidad, diversidad de formatos y manteniendo la gratuidad en la medida de nuestras posibilidades&#8221;<\/em><\/strong>, afirm\u00f3.<\/p>\n\n\n\n<p>Prieto destac\u00f3 el alto nivel de participaci\u00f3n en las m\u00e1s de 120 actividades programadas, que han atra\u00eddo a miles de personas. Seg\u00fan los datos facilitados, m\u00e1s de 4.000 personas asistieron a los eventos de la plaza del Mosset, otras 7.000 en alguna de las actuaciones del parque de la Festa, que en total ha recibido la visita de m\u00e1s de 20.000 personas. Tambi\u00e9n, m\u00e1s de 4.000 espectadores disfrutaron de los espect\u00e1culos en la plaza mayor, y m\u00e1s de 5.000 acudieron a las representaciones teatrales en el paseo.<\/p>\n\n\n\n<p><strong><em>&#8220;El impacto econ\u00f3mico ha sido muy positivo para la ciudad. La inversi\u00f3n del Ayuntamiento tiene un retorno directo en el aumento de las ventas del comercio y la hosteler\u00eda&#8221;,<\/em><\/strong> se\u00f1al\u00f3 el alcalde.<\/p>\n\n\n\n<p>Por su parte, la regidora Balbina Sendra destac\u00f3 el ambiente festivo que ha inundado las calles de Gandia: <strong><em>&#8220;El mejor balance de la Fira es ver la sonrisa de la gente, las calles llenas y la satisfacci\u00f3n de los asistentes. Es un trabajo duro, pero ya estamos pensando en la Fira del pr\u00f3ximo a\u00f1o, con el objetivo de mejorar cada edici\u00f3n&#8221;<\/em><\/strong>, a\u00f1adi\u00f3.<\/p>\n\n\n\n<p>Ambos dirigentes han querido agradecer especialmente a los trabajadores y trabajadoras que han hecho posible este \u00e9xito, resaltando el trabajo log\u00edstico, de producci\u00f3n y de seguridad que han desempe\u00f1ado durante los d\u00edas de la Fira. M\u00e1s de 100 personas se han encargado diariamente de las tareas de limpieza, mientras que la Polic\u00eda Local ha doblado su plantilla para garantizar la seguridad junto con la colaboraci\u00f3n de la Polic\u00eda Nacional y los bomberos.<\/p>\n\n\n\n<p>Finalmente, Prieto ha puesto en valor el reconocimiento otorgado en el IV Acte C\u00edvic &#8216;Ciutat de Gandia&#8217; a Foment AIC, el sector tur\u00edstico y el grupo ZOO, como un ejemplo del esfuerzo colectivo que ha consolidado la Fira i Festes como un referente m\u00e1s all\u00e1 de las fronteras locales.<\/p>\n\n\n\n<h3 class=\"wp-block-heading\">Un \u00e9xito colectivo que impulsa la ciudad<\/h3>\n\n\n\n<p>La Fira i Festes de Gandia se consolida como un evento clave no solo a nivel cultural y festivo, sino tambi\u00e9n como un motor econ\u00f3mico que beneficia al comercio y la hosteler\u00eda local, dejando una huella positiva en la comunidad.<\/p>\n","protected":false},"excerpt":{"rendered":"<p>La Fira i Festes de Gandia, celebrada del 27 al 30 de septiembre, ha concluido con un notable \u00e9xito de acogida por parte de la ciudadan\u00eda y visitantes, consolid\u00e1ndose como un evento clave para la proyecci\u00f3n de la ciudad y su econom\u00eda. As\u00ed lo han destacado el alcalde de Gandia, Jos\u00e9 Manuel Prieto, y la&#8230;<\/p>\n","protected":false},"author":1,"featured_media":4596,"comment_status":"open","ping_status":"open","sticky":false,"template":"","format":"standard","meta":{"footnotes":""},"categories":[1,27],"tags":[],"class_list":["post-4595","post","type-post","status-publish","format-standard","has-post-thumbnail","hentry","category-actualidad","category-sociedad"],"_links":{"self":[{"href":"https:\/\/infogandia.es\/index.php\/wp-json\/wp\/v2\/posts\/4595","targetHints":{"allow":["GET"]}}],"collection":[{"href":"https:\/\/infogandia.es\/index.php\/wp-json\/wp\/v2\/posts"}],"about":[{"href":"https:\/\/infogandia.es\/index.php\/wp-json\/wp\/v2\/types\/post"}],"author":[{"embeddable":true,"href":"https:\/\/infogandia.es\/index.php\/wp-json\/wp\/v2\/users\/1"}],"replies":[{"embeddable":true,"href":"https:\/\/infogandia.es\/index.php\/wp-json\/wp\/v2\/comments?post=4595"}],"version-history":[{"count":1,"href":"https:\/\/infogandia.es\/index.php\/wp-json\/wp\/v2\/posts\/4595\/revisions"}],"predecessor-version":[{"id":4597,"href":"https:\/\/infogandia.es\/index.php\/wp-json\/wp\/v2\/posts\/4595\/revisions\/4597"}],"wp:featuredmedia":[{"embeddable":true,"href":"https:\/\/infogandia.es\/index.php\/wp-json\/wp\/v2\/media\/4596"}],"wp:attachment":[{"href":"https:\/\/infogandia.es\/index.php\/wp-json\/wp\/v2\/media?parent=4595"}],"wp:term":[{"taxonomy":"category","embeddable":true,"href":"https:\/\/infogandia.es\/index.php\/wp-json\/wp\/v2\/categories?post=4595"},{"taxonomy":"post_tag","embeddable":true,"href":"https:\/\/infogandia.es\/index.php\/wp-json\/wp\/v2\/tags?post=4595"}],"curies":[{"name":"wp","href":"https:\/\/api.w.org\/{rel}","templated":true}]}}