{"id":4608,"date":"2024-10-01T15:54:09","date_gmt":"2024-10-01T15:54:09","guid":{"rendered":"https:\/\/infogandia.es\/?p=4608"},"modified":"2024-10-01T16:02:57","modified_gmt":"2024-10-01T16:02:57","slug":"nuevo-programa-la-guitarra-mecanica-busca-dar-visibilidad-a-grupos-locales-de-musica","status":"publish","type":"post","link":"https:\/\/infogandia.es\/index.php\/2024\/10\/01\/nuevo-programa-la-guitarra-mecanica-busca-dar-visibilidad-a-grupos-locales-de-musica\/","title":{"rendered":"Nuevo programa &#8220;La Guitarra Mec\u00e1nica&#8221; busca dar visibilidad a grupos locales de m\u00fasica"},"content":{"rendered":"\n<p>El pr\u00f3ximo 21 de octubre, Comarcal Televisi\u00f3n lanzar\u00e1 un nuevo programa musical llamado <em>La Guitarra Mec\u00e1nica<\/em>, con el objetivo de dar visibilidad a los grupos y artistas solistas de las comarcas centrales de la Comunidad Valenciana. Arantxa Frasquet, encargada de conducir el programa, ha destacado que esta iniciativa nace de la necesidad de muchos grupos locales que, a pesar de tener un gran talento, no encuentran espacios donde promocionar su m\u00fasica.<\/p>\n\n\n\n<p><em>La Guitarra Mec\u00e1nica<\/em> surge como respuesta a la falta de difusi\u00f3n para artistas que crean m\u00fasica original, tanto en castellano como en valenciano. \u201c<strong><em>Hay much\u00edsimos grupos que est\u00e1n haciendo m\u00fasica buen\u00edsima, pero no tienen sitios donde tocar, ya que los grupos de versiones ocupan la mayor\u00eda de los espacios\u201d<\/em><\/strong>, ha comentado Frasquet. Adem\u00e1s, ha resaltado que la m\u00fasica original, tanto en formato de discos como singles, no recibe la atenci\u00f3n que merece en los medios actuales.<\/p>\n\n\n\n<p>El programa, que se emitir\u00e1 los lunes a las 22:00 horas, ofrecer\u00e1 a los artistas la posibilidad de enviar sus maquetas o v\u00eddeos de ensayos grabados en formato profesional para ser seleccionados y aparecer en televisi\u00f3n. No importa el g\u00e9nero musical ni la formaci\u00f3n del grupo; cualquier m\u00fasico que quiera promocionar su obra propia puede participar.<\/p>\n\n\n\n<p><em>La Guitarra Mec\u00e1nica<\/em> se inspira en la nostalgia de la m\u00fasica de los a\u00f1os 80, con la esperanza de que esta plataforma impulse una &#8220;nueva movida&#8221; musical en las comarcas centrales. Adem\u00e1s de la emisi\u00f3n de los v\u00eddeos, el programa tambi\u00e9n ofrece la posibilidad de cubrir conciertos en directo para dar mayor difusi\u00f3n a los artistas. <strong><em>\u201cQueremos ver si, al igual que otros grupos como Ciudad Jara o La F\u00famiga han llegado lejos, alguno de los que nosotros presentamos tambi\u00e9n puede lograrlo\u201d<\/em><\/strong>, a\u00f1adi\u00f3 Frasquet.<\/p>\n\n\n\n<p>El programa comenzar\u00e1 el 21 de octubre, y Comarcal Televisi\u00f3n espera que esta iniciativa ayude a revitalizar la escena musical local y descubra nuevos talentos. Como colof\u00f3n, existe la posibilidad de organizar un festival al final de la temporada, reuniendo a todos los grupos que hayan participado.<\/p>\n\n\n\n<figure class=\"wp-block-embed is-type-video is-provider-youtube wp-block-embed-youtube wp-embed-aspect-16-9 wp-has-aspect-ratio\"><div class=\"wp-block-embed__wrapper\">\n<iframe title=\"FIRA I FESTES |  30 09 2024\" width=\"640\" height=\"360\" src=\"https:\/\/www.youtube.com\/embed\/4bn_qy_0pfk?feature=oembed\" frameborder=\"0\" allow=\"accelerometer; autoplay; clipboard-write; encrypted-media; gyroscope; picture-in-picture; web-share\" referrerpolicy=\"strict-origin-when-cross-origin\" allowfullscreen><\/iframe>\n<\/div><\/figure>\n","protected":false},"excerpt":{"rendered":"<p>El pr\u00f3ximo 21 de octubre, Comarcal Televisi\u00f3n lanzar\u00e1 un nuevo programa musical llamado La Guitarra Mec\u00e1nica, con el objetivo de dar visibilidad a los grupos y artistas solistas de las comarcas centrales de la Comunidad Valenciana. Arantxa Frasquet, encargada de conducir el programa, ha destacado que esta iniciativa nace de la necesidad de muchos grupos&#8230;<\/p>\n","protected":false},"author":1,"featured_media":4609,"comment_status":"open","ping_status":"open","sticky":false,"template":"","format":"standard","meta":{"footnotes":""},"categories":[1],"tags":[],"class_list":["post-4608","post","type-post","status-publish","format-standard","has-post-thumbnail","hentry","category-actualidad"],"_links":{"self":[{"href":"https:\/\/infogandia.es\/index.php\/wp-json\/wp\/v2\/posts\/4608","targetHints":{"allow":["GET"]}}],"collection":[{"href":"https:\/\/infogandia.es\/index.php\/wp-json\/wp\/v2\/posts"}],"about":[{"href":"https:\/\/infogandia.es\/index.php\/wp-json\/wp\/v2\/types\/post"}],"author":[{"embeddable":true,"href":"https:\/\/infogandia.es\/index.php\/wp-json\/wp\/v2\/users\/1"}],"replies":[{"embeddable":true,"href":"https:\/\/infogandia.es\/index.php\/wp-json\/wp\/v2\/comments?post=4608"}],"version-history":[{"count":3,"href":"https:\/\/infogandia.es\/index.php\/wp-json\/wp\/v2\/posts\/4608\/revisions"}],"predecessor-version":[{"id":4612,"href":"https:\/\/infogandia.es\/index.php\/wp-json\/wp\/v2\/posts\/4608\/revisions\/4612"}],"wp:featuredmedia":[{"embeddable":true,"href":"https:\/\/infogandia.es\/index.php\/wp-json\/wp\/v2\/media\/4609"}],"wp:attachment":[{"href":"https:\/\/infogandia.es\/index.php\/wp-json\/wp\/v2\/media?parent=4608"}],"wp:term":[{"taxonomy":"category","embeddable":true,"href":"https:\/\/infogandia.es\/index.php\/wp-json\/wp\/v2\/categories?post=4608"},{"taxonomy":"post_tag","embeddable":true,"href":"https:\/\/infogandia.es\/index.php\/wp-json\/wp\/v2\/tags?post=4608"}],"curies":[{"name":"wp","href":"https:\/\/api.w.org\/{rel}","templated":true}]}}