{"id":4613,"date":"2024-10-01T16:05:14","date_gmt":"2024-10-01T16:05:14","guid":{"rendered":"https:\/\/infogandia.es\/?p=4613"},"modified":"2024-10-01T16:05:35","modified_gmt":"2024-10-01T16:05:35","slug":"la-asociacion-de-amas-de-casa-tyrius-de-gandia-se-reactiva-con-nuevas-actividades-y-directiva","status":"publish","type":"post","link":"https:\/\/infogandia.es\/index.php\/2024\/10\/01\/la-asociacion-de-amas-de-casa-tyrius-de-gandia-se-reactiva-con-nuevas-actividades-y-directiva\/","title":{"rendered":"La Asociaci\u00f3n de Amas de Casa Tyrius de Gandia se reactiva con nuevas actividades y directiva"},"content":{"rendered":"\n<p>La Asociaci\u00f3n de Amas de Casa Tyrius de Gandia ha anunciado su reactivaci\u00f3n tras un periodo de inactividad desde la pandemia. Con una nueva junta directiva al frente, encabezada por la presidenta D\u00e9bora \u00c1lvarez y la vicepresidenta Amparo, la asociaci\u00f3n regresa con energ\u00edas renovadas y una variada oferta de actividades para sus socias.<\/p>\n\n\n\n<p>Seg\u00fan explic\u00f3 Deborah \u00c1lvarez, la decisi\u00f3n de retomar la actividad de Tyrius surge de la necesidad de ofrecer un espacio de encuentro y representaci\u00f3n para mujeres de diferentes edades en Gandia. &#8220;<strong><em>Busc\u00e1bamos una asociaci\u00f3n que realmente nos representara, y vimos que Tyrius ofrec\u00eda una propuesta diferente a otras asociaciones de amas de casa&#8221;<\/em><\/strong>, se\u00f1al\u00f3 \u00c1lvarez. La nueva directiva contact\u00f3 con las socias existentes para reactivar el proyecto, que ya ha comenzado a tomar forma.<\/p>\n\n\n\n<p>Entre las primeras actividades programadas para este a\u00f1o destacan un curso de primeros auxilios y un taller de defensa personal, ambos abiertos a personas de todas las edades. Adem\u00e1s, de cara a la Navidad, se ofrecer\u00e1n talleres para la creaci\u00f3n de centros de mesa y envoltorios de regalos, as\u00ed como las populares excursiones que las socias demandan con frecuencia. &#8220;<strong><em>Es una oportunidad para las mujeres de disfrutar de un d\u00eda de descanso y diversi\u00f3n, adem\u00e1s de conocer nuevos lugares<\/em><\/strong>&#8220;.<\/p>\n\n\n\n<p>Para aquellas interesadas en unirse a la asociaci\u00f3n, la cuota anual es de 15 euros, y pueden inscribirse enviando un correo electr\u00f3nico a <a>tyriusgandia@gmail.com<\/a> o llamando al tel\u00e9fono 608 396 987. La nueva sede de Tyrius estar\u00e1 ubicada en la calle Pur\u00edsima, n\u00famero 2, en el primer piso, y las socias ser\u00e1n informadas sobre los horarios de atenci\u00f3n una vez la sede est\u00e9 completamente operativa.<\/p>\n\n\n\n<p>Adem\u00e1s, la asociaci\u00f3n ha creado un grupo de WhatsApp para mantener a las socias informadas sobre todas las actividades y eventos. Aquellas que no est\u00e9n familiarizadas con el uso de esta aplicaci\u00f3n ser\u00e1n contactadas por tel\u00e9fono para asegurarse de que est\u00e9n al tanto de las novedades.<\/p>\n\n\n\n<p>Con grandes expectativas para atraer a m\u00e1s de 800 nuevas socias, Tyrius busca convertirse en un referente para las amas de casa de Gandia, brindando una oportunidad de aprendizaje, diversi\u00f3n y socializaci\u00f3n. <strong><em>&#8220;La ilusi\u00f3n que tenemos por empezar es infinita&#8221;,<\/em><\/strong> concluy\u00f3 Amparo.<\/p>\n\n\n\n<figure class=\"wp-block-embed is-type-video is-provider-youtube wp-block-embed-youtube wp-embed-aspect-16-9 wp-has-aspect-ratio\"><div class=\"wp-block-embed__wrapper\">\n<iframe title=\"FIRA I FESTES |  30 09 2024\" width=\"640\" height=\"360\" src=\"https:\/\/www.youtube.com\/embed\/4bn_qy_0pfk?feature=oembed\" frameborder=\"0\" allow=\"accelerometer; autoplay; clipboard-write; encrypted-media; gyroscope; picture-in-picture; web-share\" referrerpolicy=\"strict-origin-when-cross-origin\" allowfullscreen><\/iframe>\n<\/div><\/figure>\n","protected":false},"excerpt":{"rendered":"<p>La Asociaci\u00f3n de Amas de Casa Tyrius de Gandia ha anunciado su reactivaci\u00f3n tras un periodo de inactividad desde la pandemia. Con una nueva junta directiva al frente, encabezada por la presidenta D\u00e9bora \u00c1lvarez y la vicepresidenta Amparo, la asociaci\u00f3n regresa con energ\u00edas renovadas y una variada oferta de actividades para sus socias. Seg\u00fan explic\u00f3&#8230;<\/p>\n","protected":false},"author":1,"featured_media":4614,"comment_status":"open","ping_status":"open","sticky":false,"template":"","format":"standard","meta":{"footnotes":""},"categories":[1,27],"tags":[],"class_list":["post-4613","post","type-post","status-publish","format-standard","has-post-thumbnail","hentry","category-actualidad","category-sociedad"],"_links":{"self":[{"href":"https:\/\/infogandia.es\/index.php\/wp-json\/wp\/v2\/posts\/4613","targetHints":{"allow":["GET"]}}],"collection":[{"href":"https:\/\/infogandia.es\/index.php\/wp-json\/wp\/v2\/posts"}],"about":[{"href":"https:\/\/infogandia.es\/index.php\/wp-json\/wp\/v2\/types\/post"}],"author":[{"embeddable":true,"href":"https:\/\/infogandia.es\/index.php\/wp-json\/wp\/v2\/users\/1"}],"replies":[{"embeddable":true,"href":"https:\/\/infogandia.es\/index.php\/wp-json\/wp\/v2\/comments?post=4613"}],"version-history":[{"count":2,"href":"https:\/\/infogandia.es\/index.php\/wp-json\/wp\/v2\/posts\/4613\/revisions"}],"predecessor-version":[{"id":4616,"href":"https:\/\/infogandia.es\/index.php\/wp-json\/wp\/v2\/posts\/4613\/revisions\/4616"}],"wp:featuredmedia":[{"embeddable":true,"href":"https:\/\/infogandia.es\/index.php\/wp-json\/wp\/v2\/media\/4614"}],"wp:attachment":[{"href":"https:\/\/infogandia.es\/index.php\/wp-json\/wp\/v2\/media?parent=4613"}],"wp:term":[{"taxonomy":"category","embeddable":true,"href":"https:\/\/infogandia.es\/index.php\/wp-json\/wp\/v2\/categories?post=4613"},{"taxonomy":"post_tag","embeddable":true,"href":"https:\/\/infogandia.es\/index.php\/wp-json\/wp\/v2\/tags?post=4613"}],"curies":[{"name":"wp","href":"https:\/\/api.w.org\/{rel}","templated":true}]}}