{"id":4617,"date":"2024-10-02T09:32:46","date_gmt":"2024-10-02T09:32:46","guid":{"rendered":"https:\/\/infogandia.es\/?p=4617"},"modified":"2024-10-02T09:37:27","modified_gmt":"2024-10-02T09:37:27","slug":"gandia-contara-con-108-viviendas-de-alquiler-asequible-en-santa-anna","status":"publish","type":"post","link":"https:\/\/infogandia.es\/index.php\/2024\/10\/02\/gandia-contara-con-108-viviendas-de-alquiler-asequible-en-santa-anna\/","title":{"rendered":"Gandia contar\u00e1 con 108 viviendas de alquiler asequible en Santa Anna"},"content":{"rendered":"\n<p>La ciudad de Gandia ha dado un importante paso en la construcci\u00f3n de vivienda protegida con la pr\u00f3xima edificaci\u00f3n de dos edificios en la zona de Santa Anna, cerca del Palacio de Justicia. El proyecto prev\u00e9 un total de 108 viviendas de alquiler con precios asequibles, que oscilar\u00e1n entre los 400 y 500 euros mensuales, incluyendo plaza de garaje.<\/p>\n\n\n\n<p>El concejal de Econom\u00eda y Hacienda del Ayuntamiento de Gandia, Salvador Gregori Escriv\u00e1, ha confirmado que se trata de la primera promoci\u00f3n que contar\u00e1 con una bonificaci\u00f3n del 95% en el Impuesto sobre Construcciones, Instalaciones y Obras (ICIO), un incentivo que permitir\u00e1 a la empresa constructora un ahorro significativo, estimado entre 350.000 y 400.000 euros. Esta medida es el resultado de una modificaci\u00f3n en la ordenanza municipal aprobada por el gobierno local antes del verano.<\/p>\n\n\n\n<p>El derecho de superficie sobre las parcelas ser\u00e1 otorgado a la empresa por un periodo de 75 a\u00f1os, lo que facilitar\u00e1 la construcci\u00f3n de estas viviendas protegidas destinadas al alquiler. Las obras comenzar\u00e1n en el primer trimestre de 2025 y se espera que finalicen para junio de 2026, contando con el apoyo del Programa 6 del Plan Next Generation financiado por fondos europeos.<\/p>\n","protected":false},"excerpt":{"rendered":"<p>La ciudad de Gandia ha dado un importante paso en la construcci\u00f3n de vivienda protegida con la pr\u00f3xima edificaci\u00f3n de dos edificios en la zona de Santa Anna, cerca del Palacio de Justicia. El proyecto prev\u00e9 un total de 108 viviendas de alquiler con precios asequibles, que oscilar\u00e1n entre los 400 y 500 euros mensuales,&#8230;<\/p>\n","protected":false},"author":1,"featured_media":4618,"comment_status":"open","ping_status":"open","sticky":false,"template":"","format":"standard","meta":{"footnotes":""},"categories":[1,27],"tags":[],"class_list":["post-4617","post","type-post","status-publish","format-standard","has-post-thumbnail","hentry","category-actualidad","category-sociedad"],"_links":{"self":[{"href":"https:\/\/infogandia.es\/index.php\/wp-json\/wp\/v2\/posts\/4617","targetHints":{"allow":["GET"]}}],"collection":[{"href":"https:\/\/infogandia.es\/index.php\/wp-json\/wp\/v2\/posts"}],"about":[{"href":"https:\/\/infogandia.es\/index.php\/wp-json\/wp\/v2\/types\/post"}],"author":[{"embeddable":true,"href":"https:\/\/infogandia.es\/index.php\/wp-json\/wp\/v2\/users\/1"}],"replies":[{"embeddable":true,"href":"https:\/\/infogandia.es\/index.php\/wp-json\/wp\/v2\/comments?post=4617"}],"version-history":[{"count":1,"href":"https:\/\/infogandia.es\/index.php\/wp-json\/wp\/v2\/posts\/4617\/revisions"}],"predecessor-version":[{"id":4619,"href":"https:\/\/infogandia.es\/index.php\/wp-json\/wp\/v2\/posts\/4617\/revisions\/4619"}],"wp:featuredmedia":[{"embeddable":true,"href":"https:\/\/infogandia.es\/index.php\/wp-json\/wp\/v2\/media\/4618"}],"wp:attachment":[{"href":"https:\/\/infogandia.es\/index.php\/wp-json\/wp\/v2\/media?parent=4617"}],"wp:term":[{"taxonomy":"category","embeddable":true,"href":"https:\/\/infogandia.es\/index.php\/wp-json\/wp\/v2\/categories?post=4617"},{"taxonomy":"post_tag","embeddable":true,"href":"https:\/\/infogandia.es\/index.php\/wp-json\/wp\/v2\/tags?post=4617"}],"curies":[{"name":"wp","href":"https:\/\/api.w.org\/{rel}","templated":true}]}}