{"id":4629,"date":"2024-10-02T09:51:06","date_gmt":"2024-10-02T09:51:06","guid":{"rendered":"https:\/\/infogandia.es\/?p=4629"},"modified":"2024-10-02T09:51:08","modified_gmt":"2024-10-02T09:51:08","slug":"el-proximo-jueves-se-representara-en-jaume-i-dentro-del-ciclo-de-teatro-infantil-rebombori","status":"publish","type":"post","link":"https:\/\/infogandia.es\/index.php\/2024\/10\/02\/el-proximo-jueves-se-representara-en-jaume-i-dentro-del-ciclo-de-teatro-infantil-rebombori\/","title":{"rendered":"El pr\u00f3ximo jueves se representar\u00e1 \u00abEn Jaume I\u00bb dentro del Ciclo de Teatro Infantil Rebombori"},"content":{"rendered":"\n<p>El pr\u00f3ximo jueves tendr\u00e1 lugar la tercera representaci\u00f3n de este a\u00f1o del Ciclo de Teatro Infantil Rebombori, organizado por la Delegaci\u00f3n de Cultura, M\u00fasica y Bibliotecas del Ayuntamiento de Oliva, con la colaboraci\u00f3n de la Diputaci\u00f3n de Valencia-SARC.<\/p>\n\n\n\n<p>Se trata de la obra \u00abEn Jaume I\u00bb, de la Compa\u00f1\u00eda Xana Teatre, que nos presenta a Jaume I, quien ha venido a contar la historia del Reino de Valencia, pero se ha dado un golpe en la cabeza y ahora no recuerda c\u00f3mo era. Menos mal que ha tra\u00eddo consigo \u00abEl gran cuadro de los socarrats\u00bb, unas pinturas hechas sobre cer\u00e1mica que narran la historia. Sin embargo, esto no ser\u00e1 suficiente para que \u00e9l pueda recordarla; necesitar\u00e1 la ayuda de todo el p\u00fablico para poder reconstruirla. Una obra did\u00e1ctica, participativa y llena de humor, que nos ofrecer\u00e1 un recorrido hist\u00f3rico hasta nuestros d\u00edas.<\/p>\n\n\n\n<p>Con esta representaci\u00f3n, el Rebombori 2024 se suma a las celebraciones del 9 de octubre, D\u00eda de la Comunidad Valenciana, que se han organizado desde el Ayuntamiento de Oliva.<\/p>\n\n\n\n<p>\u00abEn Jaume I\u00bb se representar\u00e1 en el Centro Polivalente el jueves 3 de octubre a las 18 h, y la asistencia ser\u00e1 abierta y gratuita.<\/p>\n\n\n\n<figure class=\"wp-block-image size-full\"><img fetchpriority=\"high\" decoding=\"async\" width=\"720\" height=\"150\" src=\"http:\/\/infogandia.es\/wp-content\/uploads\/2024\/10\/1200x250-1.gif\" alt=\"\" class=\"wp-image-4593\"\/><\/figure>\n","protected":false},"excerpt":{"rendered":"<p>El pr\u00f3ximo jueves tendr\u00e1 lugar la tercera representaci\u00f3n de este a\u00f1o del Ciclo de Teatro Infantil Rebombori, organizado por la Delegaci\u00f3n de Cultura, M\u00fasica y Bibliotecas del Ayuntamiento de Oliva, con la colaboraci\u00f3n de la Diputaci\u00f3n de Valencia-SARC. Se trata de la obra \u00abEn Jaume I\u00bb, de la Compa\u00f1\u00eda Xana Teatre, que nos presenta a&#8230;<\/p>\n","protected":false},"author":1,"featured_media":4630,"comment_status":"open","ping_status":"open","sticky":false,"template":"","format":"standard","meta":{"footnotes":""},"categories":[1],"tags":[],"class_list":["post-4629","post","type-post","status-publish","format-standard","has-post-thumbnail","hentry","category-actualidad"],"_links":{"self":[{"href":"https:\/\/infogandia.es\/index.php\/wp-json\/wp\/v2\/posts\/4629","targetHints":{"allow":["GET"]}}],"collection":[{"href":"https:\/\/infogandia.es\/index.php\/wp-json\/wp\/v2\/posts"}],"about":[{"href":"https:\/\/infogandia.es\/index.php\/wp-json\/wp\/v2\/types\/post"}],"author":[{"embeddable":true,"href":"https:\/\/infogandia.es\/index.php\/wp-json\/wp\/v2\/users\/1"}],"replies":[{"embeddable":true,"href":"https:\/\/infogandia.es\/index.php\/wp-json\/wp\/v2\/comments?post=4629"}],"version-history":[{"count":1,"href":"https:\/\/infogandia.es\/index.php\/wp-json\/wp\/v2\/posts\/4629\/revisions"}],"predecessor-version":[{"id":4631,"href":"https:\/\/infogandia.es\/index.php\/wp-json\/wp\/v2\/posts\/4629\/revisions\/4631"}],"wp:featuredmedia":[{"embeddable":true,"href":"https:\/\/infogandia.es\/index.php\/wp-json\/wp\/v2\/media\/4630"}],"wp:attachment":[{"href":"https:\/\/infogandia.es\/index.php\/wp-json\/wp\/v2\/media?parent=4629"}],"wp:term":[{"taxonomy":"category","embeddable":true,"href":"https:\/\/infogandia.es\/index.php\/wp-json\/wp\/v2\/categories?post=4629"},{"taxonomy":"post_tag","embeddable":true,"href":"https:\/\/infogandia.es\/index.php\/wp-json\/wp\/v2\/tags?post=4629"}],"curies":[{"name":"wp","href":"https:\/\/api.w.org\/{rel}","templated":true}]}}