{"id":4632,"date":"2024-10-02T09:55:55","date_gmt":"2024-10-02T09:55:55","guid":{"rendered":"https:\/\/infogandia.es\/?p=4632"},"modified":"2024-10-02T09:55:56","modified_gmt":"2024-10-02T09:55:56","slug":"tavernes-celebra-su-fiesta-del-mercado-municipal-el-proximo-sabado","status":"publish","type":"post","link":"https:\/\/infogandia.es\/index.php\/2024\/10\/02\/tavernes-celebra-su-fiesta-del-mercado-municipal-el-proximo-sabado\/","title":{"rendered":"Tavernes celebra su fiesta del Mercado Municipal el pr\u00f3ximo s\u00e1bado"},"content":{"rendered":"\n<p>El Mercado Municipal de Tavernes de la Valldigna celebra este s\u00e1bado 5 de octubre su fiesta. Esta jornada, organizada por la Asociaci\u00f3n de Vendedores del Mercado Municipal y el Ayuntamiento de Tavernes de la Valldigna, tendr\u00e1 como protagonistas la gastronom\u00eda y la m\u00fasica.<\/p>\n\n\n\n<p>Se han preparado actividades para el p\u00fablico de todas las edades, incluyendo un taller infantil a cargo de Amics del Teatre para los m\u00e1s peque\u00f1os, y la charanga Xe Quin Ampastre ser\u00e1 la encargada de animar la ma\u00f1ana. Adem\u00e1s, habr\u00e1 degustaciones de los productos del mercado en las diferentes paradas, as\u00ed como un \u2018showcooking\u2019 con Cocinarlos, dirigido por el chef valler Carlos Sansaloni, quien elaborar\u00e1 un suquet de gamba y sepia.<\/p>\n\n\n\n<p>Una propuesta innovadora de esta Fiesta del Mercado incluye un estand donde el p\u00fablico (mayor de 18 a\u00f1os) podr\u00e1 hacerse un tatuaje con un cat\u00e1logo exclusivo de im\u00e1genes de productos del mercado, dise\u00f1adas por No Drama Tattoo Gallery. Las personas interesadas en hacerse un tatuaje deben reservar cita en la parada 31 del mercado o por WhatsApp al tel\u00e9fono 679 000 527, abonando previamente 10 euros.<\/p>\n\n\n\n<p>El concejal de Comercio, Zeus Grau, y el concejal de Servicios P\u00fablicos, Jos\u00e9 Enrique Cu\u00f1at, se han reunido con la presidenta de la Asociaci\u00f3n de Vendedores del Mercado Municipal, Dulce Requena, y los miembros de la junta directiva, Mari Air\u00f3s y Rafa Ciscar, para coordinar el evento.<\/p>\n\n\n\n<p>Zeus Grau ha destacado que el mercado municipal \u201ces el coraz\u00f3n de nuestro pueblo y un lugar de encuentro de los vecinos y las vecinas donde no solo pueden encontrar productos excepcionales, sino tambi\u00e9n un trato cercano y personalizado\u201d. \u201cCon esta iniciativa queremos que la gente se acerque al mercado, lo conozca mejor y valore el comercio de proximidad\u201d, ha a\u00f1adido el concejal.<\/p>\n\n\n\n<p>Desde Servicios P\u00fablicos, Jos\u00e9 Enrique Cu\u00f1at ha comentado que actividades como la de este s\u00e1bado \u201cforman parte de nuestro compromiso por dinamizar el comercio local, que es un sector clave de nuestra econom\u00eda, y es una buena oportunidad para descubrir el mercado municipal y todo lo que los vendedores ofrecen\u201d.<\/p>\n\n\n\n<p>Dulce Requena, presidenta de la Asociaci\u00f3n de Vendedores, ha invitado a los vecinos y vecinas a participar en la fiesta, destacando que \u201cesta Fiesta del Mercado es la excusa para venir a conocer todo lo que ofrecemos en nuestras paradas\u201d. \u201cCelebramos de manera anticipada el D\u00eda del Comercio Local y lo hacemos con una degustaci\u00f3n de nuestros productos, nuestra gastronom\u00eda y con propuestas para que todos y todas disfruten del ambiente y reforcemos la conexi\u00f3n entre vendedores y clientes\u201d.<\/p>\n","protected":false},"excerpt":{"rendered":"<p>El Mercado Municipal de Tavernes de la Valldigna celebra este s\u00e1bado 5 de octubre su fiesta. Esta jornada, organizada por la Asociaci\u00f3n de Vendedores del Mercado Municipal y el Ayuntamiento de Tavernes de la Valldigna, tendr\u00e1 como protagonistas la gastronom\u00eda y la m\u00fasica. Se han preparado actividades para el p\u00fablico de todas las edades, incluyendo&#8230;<\/p>\n","protected":false},"author":1,"featured_media":4633,"comment_status":"open","ping_status":"open","sticky":false,"template":"","format":"standard","meta":{"footnotes":""},"categories":[1,27],"tags":[],"class_list":["post-4632","post","type-post","status-publish","format-standard","has-post-thumbnail","hentry","category-actualidad","category-sociedad"],"_links":{"self":[{"href":"https:\/\/infogandia.es\/index.php\/wp-json\/wp\/v2\/posts\/4632","targetHints":{"allow":["GET"]}}],"collection":[{"href":"https:\/\/infogandia.es\/index.php\/wp-json\/wp\/v2\/posts"}],"about":[{"href":"https:\/\/infogandia.es\/index.php\/wp-json\/wp\/v2\/types\/post"}],"author":[{"embeddable":true,"href":"https:\/\/infogandia.es\/index.php\/wp-json\/wp\/v2\/users\/1"}],"replies":[{"embeddable":true,"href":"https:\/\/infogandia.es\/index.php\/wp-json\/wp\/v2\/comments?post=4632"}],"version-history":[{"count":1,"href":"https:\/\/infogandia.es\/index.php\/wp-json\/wp\/v2\/posts\/4632\/revisions"}],"predecessor-version":[{"id":4634,"href":"https:\/\/infogandia.es\/index.php\/wp-json\/wp\/v2\/posts\/4632\/revisions\/4634"}],"wp:featuredmedia":[{"embeddable":true,"href":"https:\/\/infogandia.es\/index.php\/wp-json\/wp\/v2\/media\/4633"}],"wp:attachment":[{"href":"https:\/\/infogandia.es\/index.php\/wp-json\/wp\/v2\/media?parent=4632"}],"wp:term":[{"taxonomy":"category","embeddable":true,"href":"https:\/\/infogandia.es\/index.php\/wp-json\/wp\/v2\/categories?post=4632"},{"taxonomy":"post_tag","embeddable":true,"href":"https:\/\/infogandia.es\/index.php\/wp-json\/wp\/v2\/tags?post=4632"}],"curies":[{"name":"wp","href":"https:\/\/api.w.org\/{rel}","templated":true}]}}