{"id":4638,"date":"2024-10-02T10:00:39","date_gmt":"2024-10-02T10:00:39","guid":{"rendered":"https:\/\/infogandia.es\/?p=4638"},"modified":"2024-10-02T10:00:39","modified_gmt":"2024-10-02T10:00:39","slug":"homenaje-a-paco-cunat-en-su-jubilacion","status":"publish","type":"post","link":"https:\/\/infogandia.es\/index.php\/2024\/10\/02\/homenaje-a-paco-cunat-en-su-jubilacion\/","title":{"rendered":"Homenaje a Paco Cu\u00f1at en su jubilaci\u00f3n"},"content":{"rendered":"\n<p>Tavernes de la Valldigna, 2 de octubre de 2024. Ayer, la corporaci\u00f3n municipal rindi\u00f3 homenaje a quien ha sido durante muchas d\u00e9cadas jefe del departamento de Deportes, <strong>Paco Cu\u00f1at<\/strong>, quien se ha jubilado recientemente.<\/p>\n\n\n\n<p>Familiares, amigos, amigas, personal de la Concejal\u00eda de Deportes y muchas personas que quieren a Paco Cu\u00f1at quisieron acompa\u00f1arlo en este d\u00eda tan especial, llenando el sal\u00f3n de plenos en un emotivo despedida. En muchos momentos del acto, Paco mostr\u00f3 su emoci\u00f3n y agradeci\u00f3 a todos y todas el cari\u00f1o recibido a lo largo de estos a\u00f1os.<\/p>\n\n\n\n<p>La alcaldesa, <strong>Lara Romero<\/strong>, le entreg\u00f3 un detalle en nombre del Ayuntamiento de Tavernes de la Valldigna, como muestra de agradecimiento por su dedicado trabajo. El acto finaliz\u00f3 con una foto de familia de Paco Cu\u00f1at con la corporaci\u00f3n municipal, inmortalizando un momento que quedar\u00e1 en la memoria de todos.<\/p>\n","protected":false},"excerpt":{"rendered":"<p>Tavernes de la Valldigna, 2 de octubre de 2024. Ayer, la corporaci\u00f3n municipal rindi\u00f3 homenaje a quien ha sido durante muchas d\u00e9cadas jefe del departamento de Deportes, Paco Cu\u00f1at, quien se ha jubilado recientemente. Familiares, amigos, amigas, personal de la Concejal\u00eda de Deportes y muchas personas que quieren a Paco Cu\u00f1at quisieron acompa\u00f1arlo en este&#8230;<\/p>\n","protected":false},"author":1,"featured_media":4639,"comment_status":"open","ping_status":"open","sticky":false,"template":"","format":"standard","meta":{"footnotes":""},"categories":[1],"tags":[],"class_list":["post-4638","post","type-post","status-publish","format-standard","has-post-thumbnail","hentry","category-actualidad"],"_links":{"self":[{"href":"https:\/\/infogandia.es\/index.php\/wp-json\/wp\/v2\/posts\/4638","targetHints":{"allow":["GET"]}}],"collection":[{"href":"https:\/\/infogandia.es\/index.php\/wp-json\/wp\/v2\/posts"}],"about":[{"href":"https:\/\/infogandia.es\/index.php\/wp-json\/wp\/v2\/types\/post"}],"author":[{"embeddable":true,"href":"https:\/\/infogandia.es\/index.php\/wp-json\/wp\/v2\/users\/1"}],"replies":[{"embeddable":true,"href":"https:\/\/infogandia.es\/index.php\/wp-json\/wp\/v2\/comments?post=4638"}],"version-history":[{"count":1,"href":"https:\/\/infogandia.es\/index.php\/wp-json\/wp\/v2\/posts\/4638\/revisions"}],"predecessor-version":[{"id":4640,"href":"https:\/\/infogandia.es\/index.php\/wp-json\/wp\/v2\/posts\/4638\/revisions\/4640"}],"wp:featuredmedia":[{"embeddable":true,"href":"https:\/\/infogandia.es\/index.php\/wp-json\/wp\/v2\/media\/4639"}],"wp:attachment":[{"href":"https:\/\/infogandia.es\/index.php\/wp-json\/wp\/v2\/media?parent=4638"}],"wp:term":[{"taxonomy":"category","embeddable":true,"href":"https:\/\/infogandia.es\/index.php\/wp-json\/wp\/v2\/categories?post=4638"},{"taxonomy":"post_tag","embeddable":true,"href":"https:\/\/infogandia.es\/index.php\/wp-json\/wp\/v2\/tags?post=4638"}],"curies":[{"name":"wp","href":"https:\/\/api.w.org\/{rel}","templated":true}]}}