{"id":4641,"date":"2024-10-02T10:03:10","date_gmt":"2024-10-02T10:03:10","guid":{"rendered":"https:\/\/infogandia.es\/?p=4641"},"modified":"2024-10-02T10:03:10","modified_gmt":"2024-10-02T10:03:10","slug":"la-programacion-del-9-doctubre-de-la-diputacion-de-valencia","status":"publish","type":"post","link":"https:\/\/infogandia.es\/index.php\/2024\/10\/02\/la-programacion-del-9-doctubre-de-la-diputacion-de-valencia\/","title":{"rendered":"La programaci\u00f3n del 9 d\u2019Octubre de la Diputaci\u00f3n de Val\u00e8ncia"},"content":{"rendered":"\n<p>Valencia, 2 de octubre de 2024. La Diputaci\u00f3n de Val\u00e8ncia ha presentado su programaci\u00f3n para celebrar el 9 d\u2019Octubre. En un acto celebrado en la plaza Manises, la corporaci\u00f3n ha puesto de relieve a los dos protagonistas del D\u00eda de la Comunidad Valenciana: <strong>Jaume I<\/strong> y el pueblo valenciano. Como parte del evento, el presidente de la Diputaci\u00f3n, <strong>Vicent Momp\u00f3<\/strong>, ha interactuado con un holograma del Rey Jaume I.<\/p>\n\n\n\n<p>Con este simb\u00f3lico reencuentro entre el fundador del Reino de Valencia y los valencianos, la Diputaci\u00f3n inicia un variado programa de actividades que se desarrollar\u00e1 bajo el lema <strong>\u201cC\u00e0ntics d\u2019amor, himnes de pau\u201d<\/strong>. La campa\u00f1a, que evoca los valores de unidad y convivencia, se articula en torno al s\u00edmbolo del c\u00edrculo, que representa la uni\u00f3n del pueblo valenciano.<\/p>\n\n\n\n<p>El presidente de la Diputaci\u00f3n de Val\u00e8ncia, Vicent Momp\u00f3, ha destacado que <strong>\u201clas formas circulares est\u00e1n en nuestra cultura, en nuestro d\u00eda a d\u00eda y son el reflejo de nuestra naturaleza acogedora y abierta. Y eso es lo que queremos transmitir este a\u00f1o: que el di\u00e1logo, la unidad y la paz son el \u00fanico camino a seguir. Que nuestras diferencias no nos dividan, sino que nos enriquezcan.\u201d<\/strong><\/p>\n\n\n\n<p>Por su parte, el dise\u00f1ador del programa, <strong>Javi Valiente \u2018Revolution\u2019<\/strong>, explica que <strong>\u201cel c\u00edrculo representa la reuni\u00f3n, el punto de encuentro; los valencianos siempre nos reunimos alrededor de un objeto circular: una mesa, una plaza, una paella\u201d<\/strong>. As\u00ed, a\u00f1ade, <strong>\u201cinspirado en las formas redondas que nos identifican: la pelota, la paella, la naranja, las notas musicales\u2026 y acompa\u00f1ado de la cita de nuestro himno \u2018c\u00e0ntics d\u2019amor, himnes de pau\u2019, se refuerza el mensaje de la campa\u00f1a.\u201d<\/strong><\/p>\n\n\n\n<p>Momp\u00f3 ha resaltado tambi\u00e9n que <strong>este a\u00f1o el mensaje de la campa\u00f1a es universal<\/strong>: <strong>\u201cLanzamos un mensaje que queremos que llegue m\u00e1s all\u00e1 de nuestras fronteras y lo hacemos con el lema \u2018C\u00e0ntics d\u2019amor. Himnes de pau\u2019. Una frase de nuestro Himno Regional que refleja el sentir de las valencianas y de los valencianos. Una frase con la que el pueblo valenciano dice basta de guerras y basta de odio.\u201d<\/strong><\/p>\n\n\n\n<p>Finalmente, el presidente ha invitado a toda la ciudadan\u00eda a participar en las actividades organizadas por la Diputaci\u00f3n para celebrar el 9 d\u2019Octubre, un d\u00eda en el que <strong>\u201crenovamos nuestro compromiso con la tierra que amamos y con los valores que nos definen. Recordamos nuestras ra\u00edces, honramos a Jaume I, quien supo unir a los pueblos bajo una misma bandera, y celebramos nuestra identidad.\u201d<\/strong><\/p>\n\n\n\n<p><strong>Programaci\u00f3n del 9 d\u2019Octubre<\/strong><\/p>\n\n\n\n<p>La programaci\u00f3n de la Diputaci\u00f3n con motivo del 9 d\u2019Octubre se desarrollar\u00e1 entre el 3 y el 14 de este mes, fechas en las que estar\u00e1 abierta la exposici\u00f3n <strong>\u2018El 9 d\u2019Octubre, la nostra festa\u2019<\/strong> en la Sala de Reinas de la corporaci\u00f3n provincial. Adem\u00e1s, los d\u00edas 4 (17:00-21:00), 5 y 6 de octubre (10:00-14:00 y 17:00-21:00) la plaza Manises acoger\u00e1 un mercado de oficios y actividades medievales.<\/p>\n\n\n\n<p>La <strong>Real Senyera de Blasco Ib\u00e1\u00f1ez<\/strong>, la ense\u00f1a que cubri\u00f3 el f\u00e9retro del c\u00e9lebre escritor en su traslado desde Francia, podr\u00e1 visitarse entre el 4 y el 13 de octubre (10:00-14:00 y 16:00-20:00, menos las ma\u00f1anas del 8 y 9 de octubre) en el Sal\u00f3n de Plenos de la Diputaci\u00f3n de Val\u00e8ncia.<\/p>\n\n\n\n<p>El lunes 7, a las 18.00 horas en plaza Manises, est\u00e1 programada la actividad <strong>\u2018Sona la m\u00fasica\u2019<\/strong>, una concentraci\u00f3n de m\u00e1s de 250 m\u00fasicos de banda que interpretar\u00e1 piezas como <strong>Lo Cant del Valenci\u00e0<\/strong> o el Himno Regional, bajo la batuta del maestro <strong>Juan Jos\u00e9 Navarro<\/strong>.<\/p>\n\n\n\n<p>Para el martes 8 (13.00 horas) est\u00e1n previstas la presentaci\u00f3n del v\u00eddeo <strong>\u2018El Cant d\u2019Estil Valenci\u00e0\u2019<\/strong>, realizado por el \u00e1rea de <strong>Foment de l\u2019\u00das del Valenci\u00e0<\/strong> de la Diputaci\u00f3n, con la actuaci\u00f3n de <strong>Xavier de B\u00e9tera<\/strong> y <strong>Maris\u00e9 de Montolivet<\/strong> en el <strong>Patio dels Scala<\/strong>. Y el <strong>Pasacalle de las Comarcas<\/strong> (18.00 horas), que discurrir\u00e1 entre la calle <strong>Serranos<\/strong> y la plaza <strong>Manises<\/strong>.<\/p>\n","protected":false},"excerpt":{"rendered":"<p>Valencia, 2 de octubre de 2024. La Diputaci\u00f3n de Val\u00e8ncia ha presentado su programaci\u00f3n para celebrar el 9 d\u2019Octubre. En un acto celebrado en la plaza Manises, la corporaci\u00f3n ha puesto de relieve a los dos protagonistas del D\u00eda de la Comunidad Valenciana: Jaume I y el pueblo valenciano. Como parte del evento, el presidente&#8230;<\/p>\n","protected":false},"author":1,"featured_media":4642,"comment_status":"open","ping_status":"open","sticky":false,"template":"","format":"standard","meta":{"footnotes":""},"categories":[1,57],"tags":[],"class_list":["post-4641","post","type-post","status-publish","format-standard","has-post-thumbnail","hentry","category-actualidad","category-turismo"],"_links":{"self":[{"href":"https:\/\/infogandia.es\/index.php\/wp-json\/wp\/v2\/posts\/4641","targetHints":{"allow":["GET"]}}],"collection":[{"href":"https:\/\/infogandia.es\/index.php\/wp-json\/wp\/v2\/posts"}],"about":[{"href":"https:\/\/infogandia.es\/index.php\/wp-json\/wp\/v2\/types\/post"}],"author":[{"embeddable":true,"href":"https:\/\/infogandia.es\/index.php\/wp-json\/wp\/v2\/users\/1"}],"replies":[{"embeddable":true,"href":"https:\/\/infogandia.es\/index.php\/wp-json\/wp\/v2\/comments?post=4641"}],"version-history":[{"count":1,"href":"https:\/\/infogandia.es\/index.php\/wp-json\/wp\/v2\/posts\/4641\/revisions"}],"predecessor-version":[{"id":4643,"href":"https:\/\/infogandia.es\/index.php\/wp-json\/wp\/v2\/posts\/4641\/revisions\/4643"}],"wp:featuredmedia":[{"embeddable":true,"href":"https:\/\/infogandia.es\/index.php\/wp-json\/wp\/v2\/media\/4642"}],"wp:attachment":[{"href":"https:\/\/infogandia.es\/index.php\/wp-json\/wp\/v2\/media?parent=4641"}],"wp:term":[{"taxonomy":"category","embeddable":true,"href":"https:\/\/infogandia.es\/index.php\/wp-json\/wp\/v2\/categories?post=4641"},{"taxonomy":"post_tag","embeddable":true,"href":"https:\/\/infogandia.es\/index.php\/wp-json\/wp\/v2\/tags?post=4641"}],"curies":[{"name":"wp","href":"https:\/\/api.w.org\/{rel}","templated":true}]}}