{"id":4644,"date":"2024-10-02T18:17:44","date_gmt":"2024-10-02T18:17:44","guid":{"rendered":"https:\/\/infogandia.es\/?p=4644"},"modified":"2024-10-02T18:18:35","modified_gmt":"2024-10-02T18:18:35","slug":"oliva-acoge-una-nueva-edicion-de-la-exposicion-concurso-ornitologico","status":"publish","type":"post","link":"https:\/\/infogandia.es\/index.php\/2024\/10\/02\/oliva-acoge-una-nueva-edicion-de-la-exposicion-concurso-ornitologico\/","title":{"rendered":"Oliva acoge una nueva edici\u00f3n de la Exposici\u00f3n Concurso Ornitol\u00f3gico"},"content":{"rendered":"\n<p>Del 25 de octubre al 3 de noviembre, la Casa de la Festa de Oliva ser\u00e1 el escenario de la tradicional Exposici\u00f3n Concurso Ornitol\u00f3gico, organizada por la asociaci\u00f3n local <em>El m\u00f3n del canari<\/em>. Los criadores y criadoras interesados en participar pueden inscribirse a trav\u00e9s de la p\u00e1gina web de la Federaci\u00f3n Ornitol\u00f3gica Espa\u00f1ola, en el apartado de \u2018concursos\u2019 (https:\/\/ornigestion.com\/foe\/index.php?s=concursos).<\/p>\n\n\n\n<p>En este evento se entregar\u00e1n premios en varias categor\u00edas: mejor individual de color, mejor de postura, mejor de ex\u00f3tico, mejor de psit\u00e1cido, mejor fauna europea y mejor de h\u00edbridos. Adem\u00e1s, se reconocer\u00e1 al mejor equipo y a los 15 ejemplares mejor puntuados de un mismo criador.<\/p>\n\n\n\n<p>La alcaldesa de Oliva, Yolanda Pastor, ha destacado la importancia de este evento para el municipio: &#8220;Oliva es un referente y un atractivo para criadores de otros pueblos por la pasi\u00f3n con la que trabaja la asociaci\u00f3n <em>El m\u00f3n del canari<\/em>. Debemos estar agradecidos por la labor de difusi\u00f3n que realizan del mundo de la ornitolog\u00eda, especialmente entre los ni\u00f1os y ni\u00f1as, ya que es importante que los m\u00e1s peque\u00f1os aprendan que todos los animales tienen su funci\u00f3n y merecen nuestro respeto.&#8221;<\/p>\n\n\n\n<p>Para m\u00e1s informaci\u00f3n, se puede contactar a los tel\u00e9fonos 625 902 255 o 666 372 357.<\/p>\n","protected":false},"excerpt":{"rendered":"<p>Del 25 de octubre al 3 de noviembre, la Casa de la Festa de Oliva ser\u00e1 el escenario de la tradicional Exposici\u00f3n Concurso Ornitol\u00f3gico, organizada por la asociaci\u00f3n local El m\u00f3n del canari. Los criadores y criadoras interesados en participar pueden inscribirse a trav\u00e9s de la p\u00e1gina web de la Federaci\u00f3n Ornitol\u00f3gica Espa\u00f1ola, en el&#8230;<\/p>\n","protected":false},"author":1,"featured_media":4645,"comment_status":"open","ping_status":"open","sticky":false,"template":"","format":"standard","meta":{"footnotes":""},"categories":[1,27],"tags":[],"class_list":["post-4644","post","type-post","status-publish","format-standard","has-post-thumbnail","hentry","category-actualidad","category-sociedad"],"_links":{"self":[{"href":"https:\/\/infogandia.es\/index.php\/wp-json\/wp\/v2\/posts\/4644","targetHints":{"allow":["GET"]}}],"collection":[{"href":"https:\/\/infogandia.es\/index.php\/wp-json\/wp\/v2\/posts"}],"about":[{"href":"https:\/\/infogandia.es\/index.php\/wp-json\/wp\/v2\/types\/post"}],"author":[{"embeddable":true,"href":"https:\/\/infogandia.es\/index.php\/wp-json\/wp\/v2\/users\/1"}],"replies":[{"embeddable":true,"href":"https:\/\/infogandia.es\/index.php\/wp-json\/wp\/v2\/comments?post=4644"}],"version-history":[{"count":1,"href":"https:\/\/infogandia.es\/index.php\/wp-json\/wp\/v2\/posts\/4644\/revisions"}],"predecessor-version":[{"id":4646,"href":"https:\/\/infogandia.es\/index.php\/wp-json\/wp\/v2\/posts\/4644\/revisions\/4646"}],"wp:featuredmedia":[{"embeddable":true,"href":"https:\/\/infogandia.es\/index.php\/wp-json\/wp\/v2\/media\/4645"}],"wp:attachment":[{"href":"https:\/\/infogandia.es\/index.php\/wp-json\/wp\/v2\/media?parent=4644"}],"wp:term":[{"taxonomy":"category","embeddable":true,"href":"https:\/\/infogandia.es\/index.php\/wp-json\/wp\/v2\/categories?post=4644"},{"taxonomy":"post_tag","embeddable":true,"href":"https:\/\/infogandia.es\/index.php\/wp-json\/wp\/v2\/tags?post=4644"}],"curies":[{"name":"wp","href":"https:\/\/api.w.org\/{rel}","templated":true}]}}