{"id":4656,"date":"2024-10-03T11:25:20","date_gmt":"2024-10-03T11:25:20","guid":{"rendered":"https:\/\/infogandia.es\/?p=4656"},"modified":"2024-10-03T11:25:20","modified_gmt":"2024-10-03T11:25:20","slug":"la-mocadora-de-sant-donis-llega-a-gandia-para-celebrar-el-9-de-octubre","status":"publish","type":"post","link":"https:\/\/infogandia.es\/index.php\/2024\/10\/03\/la-mocadora-de-sant-donis-llega-a-gandia-para-celebrar-el-9-de-octubre\/","title":{"rendered":"La mocador\u00e0 de Sant Don\u00eds llega a Gandia para celebrar el 9 de octubre"},"content":{"rendered":"\n<p>La regidora delegada de Pol\u00edtiques Econ\u00f2miques i Comer\u00e7, Elena Moncho; el presidente de la Asociaci\u00f3n de Pasteleros y Panaderos de Gandia, Miguel Rosell\u00f3, y el tesorero de la entidad, Ra\u00fcl Llopis, han presentado hoy la und\u00e9cima edici\u00f3n de la mocador\u00e0 de Sant Don\u00eds en Gandia.<\/p>\n\n\n\n<p>Seg\u00fan la leyenda, en tiempos de Jaume I, los hombres obsequiaban a sus queridas con dulces de mazap\u00e1n con formas de frutas y hortalizas, envueltos en un gran pa\u00f1uelo de seda. Por ello, los escaparates de las panader\u00edas de la ciudad se llenar\u00e1n de color con estos mazapanes en los d\u00edas previos al 9 de octubre. Para celebrar el D\u00eda de la Comunidad Valenciana, los pasteleros y panaderos de Gandia ofrecer\u00e1n una muestra de esta dulce tradici\u00f3n entre el viernes 4 de octubre y el mi\u00e9rcoles 9.<\/p>\n\n\n\n<p>La muestra estar\u00e1 ubicada en el Paseo de las German\u00edas, frente a la Casa de la Marquesa, y abrir\u00e1 sus puertas el viernes de 17:00 a 20:30 horas. Los d\u00edas 5, 6, 7 y 8 de octubre, los stands estar\u00e1n disponibles de 10:00 a 14:00 horas y de 17:00 a 20:30 horas. Finalmente, el d\u00eda 9 la muestra solo podr\u00e1 visitarse entre las 10:00 y las 14:00 horas.<\/p>\n\n\n\n<p>Como novedad, el 4 y el 7 de octubre, los miembros de la Asociaci\u00f3n llevar\u00e1n a cabo un taller did\u00e1ctico para los ni\u00f1os y ni\u00f1as de la ciudad. Esta actividad se realizar\u00e1 de 17:30 a 20:30 horas frente a la Casa de la Marquesa, y por dos euros, los participantes podr\u00e1n llevarse su propio mazap\u00e1n a casa. Moncho ha destacado que la iniciativa tiene un marcado car\u00e1cter ben\u00e9fico, ya que todos los fondos recaudados se destinar\u00e1n a un preventorio infantil. \u201cEspero que la gente se anime y venga a disfrutar de esta bonita iniciativa con sus ni\u00f1os y ni\u00f1as para que empiecen a aprender los costumbres del pueblo valenciano\u201d, ha comentado Rosell\u00f3.<\/p>\n\n\n\n<p>Por su parte, Llopis ha afirmado que en lo que respecta a esta tradici\u00f3n, \u201cGandia ya est\u00e1 al nivel de Valencia\u201d. \u201cAl principio \u00e9ramos solo unos pocos los que nos sum\u00e1bamos a esta iniciativa, pero hemos logrado recuperar esta tradici\u00f3n y creo que ya est\u00e1 m\u00e1s que arraigada en nuestra ciudad\u201d, ha destacado.<\/p>\n\n\n\n<p><strong>Mocador\u00e0 en el Grau<\/strong><br>Este a\u00f1o, la mocador\u00e0 tambi\u00e9n se celebrar\u00e1 en el Grau, donde parte de los pasteleros y panaderos de la ciudad preparar\u00e1n talleres y juegos infantiles en la Plaza de la Marina para que los m\u00e1s peque\u00f1os conozcan esta tradici\u00f3n. \u201cEn el Grau es tradicional leer un manifiesto junto al puente y este a\u00f1o hemos querido complementar la fiesta con esta actividad\u201d, ha concluido la edil.<\/p>\n","protected":false},"excerpt":{"rendered":"<p>La regidora delegada de Pol\u00edtiques Econ\u00f2miques i Comer\u00e7, Elena Moncho; el presidente de la Asociaci\u00f3n de Pasteleros y Panaderos de Gandia, Miguel Rosell\u00f3, y el tesorero de la entidad, Ra\u00fcl Llopis, han presentado hoy la und\u00e9cima edici\u00f3n de la mocador\u00e0 de Sant Don\u00eds en Gandia. Seg\u00fan la leyenda, en tiempos de Jaume I, los hombres&#8230;<\/p>\n","protected":false},"author":1,"featured_media":4657,"comment_status":"open","ping_status":"open","sticky":false,"template":"","format":"standard","meta":{"footnotes":""},"categories":[1,27,57],"tags":[],"class_list":["post-4656","post","type-post","status-publish","format-standard","has-post-thumbnail","hentry","category-actualidad","category-sociedad","category-turismo"],"_links":{"self":[{"href":"https:\/\/infogandia.es\/index.php\/wp-json\/wp\/v2\/posts\/4656","targetHints":{"allow":["GET"]}}],"collection":[{"href":"https:\/\/infogandia.es\/index.php\/wp-json\/wp\/v2\/posts"}],"about":[{"href":"https:\/\/infogandia.es\/index.php\/wp-json\/wp\/v2\/types\/post"}],"author":[{"embeddable":true,"href":"https:\/\/infogandia.es\/index.php\/wp-json\/wp\/v2\/users\/1"}],"replies":[{"embeddable":true,"href":"https:\/\/infogandia.es\/index.php\/wp-json\/wp\/v2\/comments?post=4656"}],"version-history":[{"count":1,"href":"https:\/\/infogandia.es\/index.php\/wp-json\/wp\/v2\/posts\/4656\/revisions"}],"predecessor-version":[{"id":4658,"href":"https:\/\/infogandia.es\/index.php\/wp-json\/wp\/v2\/posts\/4656\/revisions\/4658"}],"wp:featuredmedia":[{"embeddable":true,"href":"https:\/\/infogandia.es\/index.php\/wp-json\/wp\/v2\/media\/4657"}],"wp:attachment":[{"href":"https:\/\/infogandia.es\/index.php\/wp-json\/wp\/v2\/media?parent=4656"}],"wp:term":[{"taxonomy":"category","embeddable":true,"href":"https:\/\/infogandia.es\/index.php\/wp-json\/wp\/v2\/categories?post=4656"},{"taxonomy":"post_tag","embeddable":true,"href":"https:\/\/infogandia.es\/index.php\/wp-json\/wp\/v2\/tags?post=4656"}],"curies":[{"name":"wp","href":"https:\/\/api.w.org\/{rel}","templated":true}]}}