{"id":4659,"date":"2024-10-03T11:26:49","date_gmt":"2024-10-03T11:26:49","guid":{"rendered":"https:\/\/infogandia.es\/?p=4659"},"modified":"2024-10-03T11:26:53","modified_gmt":"2024-10-03T11:26:53","slug":"gandia-destina-ayudas-de-hasta-1-250-euros-para-propietarios-que-alquilan-viviendas-vacias","status":"publish","type":"post","link":"https:\/\/infogandia.es\/index.php\/2024\/10\/03\/gandia-destina-ayudas-de-hasta-1-250-euros-para-propietarios-que-alquilan-viviendas-vacias\/","title":{"rendered":"Gandia destina ayudas de hasta 1.250 euros para propietarios que alquilan viviendas vac\u00edas"},"content":{"rendered":"\n<p>El alcalde de Gandia, Jos\u00e9 Manuel Prieto, acompa\u00f1ado por el concejal de Vivienda, Salvador Gregori, ha comparecido en rueda de prensa para informar sobre la \u00faltima acci\u00f3n del gobierno municipal destinada a mejorar la situaci\u00f3n del vivienda en la ciudad. Esta intervenci\u00f3n se enmarca dentro del Plan Vivienda, en el marco de la estrategia Avant Gandia, que fue anunciada en el Consell Econ\u00f2mic i Social.<\/p>\n\n\n\n<p>Seg\u00fan ha explicado Prieto, el gobierno local implementar\u00e1 ayudas de hasta 1.250 euros para propietarios de viviendas vac\u00edas que se alquilen. Para este fin, se ha habilitado una partida de 50.000 euros para este a\u00f1o, adem\u00e1s de otra por el mismo importe para el pr\u00f3ximo ejercicio. En total, este primer est\u00edmulo implicar\u00e1 destinar 100.000 euros para dinamizar el mercado inmobiliario local.<\/p>\n\n\n\n<p>Prieto ha calificado la situaci\u00f3n de la vivienda como primordial y ha destacado que aspectos como los elevados precios de los alquileres y de compra de vivienda, as\u00ed como el escaso financiamiento, dificultan el acceso a una vivienda para buena parte de la poblaci\u00f3n en Espa\u00f1a. Esta tendencia tambi\u00e9n se observa en Gandia, donde, seg\u00fan datos del consumo de agua, se estima que hay 5.000 viviendas vac\u00edas a pesar de la alta demanda.<\/p>\n\n\n\n<p>Para que estas viviendas salgan al mercado lo antes posible, el ejecutivo local ha puesto en marcha una serie de ayudas que brindan seguridad jur\u00eddica y econ\u00f3mica a los propietarios en el cobro del alquiler. Este paquete de ayudas ha sido consensuado con el mercado inmobiliario.<\/p>\n\n\n\n<p>Concretamente, se trata de dos medidas:<\/p>\n\n\n\n<ol class=\"wp-block-list\">\n<li>Otorgar hasta 650 euros para una p\u00f3liza de impago que cubre hasta el desalojo del inquilino moroso, as\u00ed como una p\u00f3liza antivand\u00e1lica, que puede cubrir entre 6.000 y 8.000 euros en da\u00f1os.<\/li>\n\n\n\n<li>Hasta 600 euros para la adecuaci\u00f3n y puesta a punto del inmueble para ponerlo en el mercado.<\/li>\n<\/ol>\n\n\n\n<p>Estas ayudas se otorgar\u00e1n siempre que el alquiler no sea superior a 650 euros mensuales. Estar\u00e1n disponibles en menos de dos meses y se podr\u00e1n solicitar hasta junio de 2025. \u201cEs una l\u00ednea de actuaci\u00f3n nueva y referente, ya que no hay muchos ayuntamientos que hayan implementado una medida as\u00ed\u201d, ha declarado el alcalde.<\/p>\n\n\n\n<p><strong>Medidas para favorecer el acceso a la vivienda<\/strong><\/p>\n\n\n\n<p>Prieto tambi\u00e9n ha repasado las acciones que el ejecutivo local ya ha puesto en marcha en este \u00e1mbito. Una de ellas es la concesi\u00f3n, en las pr\u00f3ximas semanas, de la licencia para construir dos edificios con un total de 108 viviendas en el distrito de Santa Ana, destinados a alquiler asequible, iniciativa que se convertir\u00e1 en la primera en beneficiarse del 95% del impuesto de obras que este gobierno aprob\u00f3 para fomentar la construcci\u00f3n.<\/p>\n\n\n\n<p>Asimismo, ha citado la rehabilitaci\u00f3n de m\u00e1s de 610 viviendas existentes en las \u00c1reas de Regeneraci\u00f3n Urbana (ARRUR); los m\u00e1s de 8,4 millones de euros destinados a la rehabilitaci\u00f3n de viviendas en la calle Safor, Benicanena y Ferroviarios; o la adquisici\u00f3n de 14 nuevas viviendas para destinarlas a alquiler social, a las que se sumar\u00e1n pronto 5 m\u00e1s situadas en la calle Magistrado Catal\u00e1.<\/p>\n\n\n\n<p>Durante la comparecencia, se record\u00f3 que el Plan Vivienda cuenta con medidas fiscales (reducci\u00f3n de impuestos en la construcci\u00f3n y el alquiler de vivienda, ayudas econ\u00f3micas y fiscales a propietarios que alquilan sus viviendas vac\u00edas), patrimoniales (venta de parcelas municipales para construir viviendas) y urban\u00edsticas para fomentar el impulso de nuevos hogares.<\/p>\n\n\n\n<p>\u201cLos gobernantes no debemos eludir ni ponernos de lado ante ning\u00fan problema, y menos en un tema como la vivienda que afecta a toda la sociedad. Por ello, estamos poniendo todas las herramientas a nuestra disposici\u00f3n, porque sin vivienda no hay posibilidad de vivir y emprender en Gandia. Queremos dinamizar el mercado inmobiliario en nuestra ciudad\u201d, ha finalizado Prieto.<\/p>\n\n\n\n<p>Por su parte, el concejal Salvador Gregori ha declarado: \u201cLas medidas de Gandia son realidades que se imponen a los Power Points que presentan otros. En una situaci\u00f3n como la actual, lo m\u00e1s r\u00e1pido para dinamizar el mercado son las ayudas directas a los propietarios, que permiten que nuevos alquileres surjan en pocas semanas\u201d.<\/p>\n","protected":false},"excerpt":{"rendered":"<p>El alcalde de Gandia, Jos\u00e9 Manuel Prieto, acompa\u00f1ado por el concejal de Vivienda, Salvador Gregori, ha comparecido en rueda de prensa para informar sobre la \u00faltima acci\u00f3n del gobierno municipal destinada a mejorar la situaci\u00f3n del vivienda en la ciudad. Esta intervenci\u00f3n se enmarca dentro del Plan Vivienda, en el marco de la estrategia Avant&#8230;<\/p>\n","protected":false},"author":1,"featured_media":4660,"comment_status":"open","ping_status":"open","sticky":false,"template":"","format":"standard","meta":{"footnotes":""},"categories":[1,27],"tags":[],"class_list":["post-4659","post","type-post","status-publish","format-standard","has-post-thumbnail","hentry","category-actualidad","category-sociedad"],"_links":{"self":[{"href":"https:\/\/infogandia.es\/index.php\/wp-json\/wp\/v2\/posts\/4659","targetHints":{"allow":["GET"]}}],"collection":[{"href":"https:\/\/infogandia.es\/index.php\/wp-json\/wp\/v2\/posts"}],"about":[{"href":"https:\/\/infogandia.es\/index.php\/wp-json\/wp\/v2\/types\/post"}],"author":[{"embeddable":true,"href":"https:\/\/infogandia.es\/index.php\/wp-json\/wp\/v2\/users\/1"}],"replies":[{"embeddable":true,"href":"https:\/\/infogandia.es\/index.php\/wp-json\/wp\/v2\/comments?post=4659"}],"version-history":[{"count":1,"href":"https:\/\/infogandia.es\/index.php\/wp-json\/wp\/v2\/posts\/4659\/revisions"}],"predecessor-version":[{"id":4661,"href":"https:\/\/infogandia.es\/index.php\/wp-json\/wp\/v2\/posts\/4659\/revisions\/4661"}],"wp:featuredmedia":[{"embeddable":true,"href":"https:\/\/infogandia.es\/index.php\/wp-json\/wp\/v2\/media\/4660"}],"wp:attachment":[{"href":"https:\/\/infogandia.es\/index.php\/wp-json\/wp\/v2\/media?parent=4659"}],"wp:term":[{"taxonomy":"category","embeddable":true,"href":"https:\/\/infogandia.es\/index.php\/wp-json\/wp\/v2\/categories?post=4659"},{"taxonomy":"post_tag","embeddable":true,"href":"https:\/\/infogandia.es\/index.php\/wp-json\/wp\/v2\/tags?post=4659"}],"curies":[{"name":"wp","href":"https:\/\/api.w.org\/{rel}","templated":true}]}}