{"id":4662,"date":"2024-10-03T11:28:44","date_gmt":"2024-10-03T11:28:44","guid":{"rendered":"https:\/\/infogandia.es\/?p=4662"},"modified":"2024-10-03T11:31:32","modified_gmt":"2024-10-03T11:31:32","slug":"oliva-alerta-sobre-el-riesgo-extremo-de-incendios-forestales-en-la-comunitat-valenciana","status":"publish","type":"post","link":"https:\/\/infogandia.es\/index.php\/2024\/10\/03\/oliva-alerta-sobre-el-riesgo-extremo-de-incendios-forestales-en-la-comunitat-valenciana\/","title":{"rendered":"Oliva alerta sobre el riesgo extremo de incendios forestales en la Comunitat Valenciana"},"content":{"rendered":"\n<p>El Ayuntamiento de Oliva ha emitido una alerta debido al <strong>riesgo extremo de incendios forestales<\/strong> que afectar\u00e1 a gran parte de la Comunitat Valenciana hoy, jueves 3 de octubre. La sequedad ambiental y la presencia de vientos de mestral, moderados a fuertes, especialmente en el interior norte de Castell\u00f3n, contribuyen a esta situaci\u00f3n cr\u00edtica.<\/p>\n\n\n\n<p>Con un <strong>nivel 3 (rojo)<\/strong> declarado, <strong>est\u00e1 totalmente prohibido hacer fuego<\/strong> en todas las \u00e1reas afectadas. Las autoridades han instado a la poblaci\u00f3n a extremar las precauciones y a estar atenta ante cualquier se\u00f1al de humo o fuego. En caso de observar alguna situaci\u00f3n sospechosa, se recomienda <strong>llamar de inmediato al 112<\/strong>.<\/p>\n\n\n\n<p>Se recuerda a los ciudadanos que el cumplimiento de estas medidas es esencial para prevenir incendios y proteger tanto la flora y fauna locales como la seguridad de las personas. Las autoridades contin\u00faan monitorizando la situaci\u00f3n y proporcionar\u00e1n actualizaciones seg\u00fan sea necesario.<\/p>\n","protected":false},"excerpt":{"rendered":"<p>El Ayuntamiento de Oliva ha emitido una alerta debido al riesgo extremo de incendios forestales que afectar\u00e1 a gran parte de la Comunitat Valenciana hoy, jueves 3 de octubre. La sequedad ambiental y la presencia de vientos de mestral, moderados a fuertes, especialmente en el interior norte de Castell\u00f3n, contribuyen a esta situaci\u00f3n cr\u00edtica. Con&#8230;<\/p>\n","protected":false},"author":1,"featured_media":4663,"comment_status":"open","ping_status":"open","sticky":false,"template":"","format":"standard","meta":{"footnotes":""},"categories":[1,27],"tags":[],"class_list":["post-4662","post","type-post","status-publish","format-standard","has-post-thumbnail","hentry","category-actualidad","category-sociedad"],"_links":{"self":[{"href":"https:\/\/infogandia.es\/index.php\/wp-json\/wp\/v2\/posts\/4662","targetHints":{"allow":["GET"]}}],"collection":[{"href":"https:\/\/infogandia.es\/index.php\/wp-json\/wp\/v2\/posts"}],"about":[{"href":"https:\/\/infogandia.es\/index.php\/wp-json\/wp\/v2\/types\/post"}],"author":[{"embeddable":true,"href":"https:\/\/infogandia.es\/index.php\/wp-json\/wp\/v2\/users\/1"}],"replies":[{"embeddable":true,"href":"https:\/\/infogandia.es\/index.php\/wp-json\/wp\/v2\/comments?post=4662"}],"version-history":[{"count":1,"href":"https:\/\/infogandia.es\/index.php\/wp-json\/wp\/v2\/posts\/4662\/revisions"}],"predecessor-version":[{"id":4664,"href":"https:\/\/infogandia.es\/index.php\/wp-json\/wp\/v2\/posts\/4662\/revisions\/4664"}],"wp:featuredmedia":[{"embeddable":true,"href":"https:\/\/infogandia.es\/index.php\/wp-json\/wp\/v2\/media\/4663"}],"wp:attachment":[{"href":"https:\/\/infogandia.es\/index.php\/wp-json\/wp\/v2\/media?parent=4662"}],"wp:term":[{"taxonomy":"category","embeddable":true,"href":"https:\/\/infogandia.es\/index.php\/wp-json\/wp\/v2\/categories?post=4662"},{"taxonomy":"post_tag","embeddable":true,"href":"https:\/\/infogandia.es\/index.php\/wp-json\/wp\/v2\/tags?post=4662"}],"curies":[{"name":"wp","href":"https:\/\/api.w.org\/{rel}","templated":true}]}}