{"id":4667,"date":"2024-10-03T15:51:07","date_gmt":"2024-10-03T15:51:07","guid":{"rendered":"https:\/\/infogandia.es\/?p=4667"},"modified":"2024-10-03T15:52:30","modified_gmt":"2024-10-03T15:52:30","slug":"vicky-foods-avanza-en-su-expansion-internacional-con-nueva-planta-de-produccion-en-francia","status":"publish","type":"post","link":"https:\/\/infogandia.es\/index.php\/2024\/10\/03\/vicky-foods-avanza-en-su-expansion-internacional-con-nueva-planta-de-produccion-en-francia\/","title":{"rendered":"Vicky Foods Avanza en su Expansi\u00f3n Internacional con Nueva Planta de Producci\u00f3n en Francia"},"content":{"rendered":"\n<p>Vicky Foods, una de las principales empresas del sector alimentario en Europa, ha dado un paso importante en su estrategia de crecimiento internacional con la presentaci\u00f3n de su nueva planta de producci\u00f3n en Francia. Este nuevo complejo industrial, ubicado en Fragnes-La Loy\u00e8re, en la regi\u00f3n de Borgo\u00f1a-Franco Condado, ha sido presentado en un evento al que asistieron destacadas autoridades locales y regionales, marcando un hito para la empresa y reforzando su presencia en el mercado europeo.<\/p>\n\n\n\n<p>El evento cont\u00f3 con la participaci\u00f3n de S\u00e9bastien Martin, presidente de la mancomunidad de municipios de Grand Chalon; Jean-Claude Lagrange, vicepresidente de desarrollo econ\u00f3mico de la regi\u00f3n de Borgo\u00f1a-Franco Condado; y Olivier Tainturier, subprefecto y representante del Estado franc\u00e9s a nivel local, entre otros invitados. Durante la ceremonia, se llev\u00f3 a cabo la simb\u00f3lica colocaci\u00f3n de la \u00faltima piedra, un gesto que representa la culminaci\u00f3n de la construcci\u00f3n de las infraestructuras principales, como la nave de producci\u00f3n y las oficinas.<\/p>\n\n\n\n<p><strong>Un Proyecto Emblem\u00e1tico con Impacto Econ\u00f3mico<\/strong><\/p>\n\n\n\n<p>La nueva planta de Vicky Foods, que ha supuesto una inversi\u00f3n cercana a los 100 millones de euros y cuenta con una superficie inicial de 22.900 metros cuadrados, es uno de los proyectos m\u00e1s ambiciosos en la historia de la compa\u00f1\u00eda, fundada en 1952. Este centro de producci\u00f3n est\u00e1 destinado a atender no solo al mercado franc\u00e9s, sino tambi\u00e9n a otros pa\u00edses europeos clave como Alemania, Reino Unido, el Benelux y el norte de Italia.<\/p>\n\n\n\n<p>El presidente de la mancomunidad de municipios de Grand Chalon, S\u00e9bastien Martin, destac\u00f3 la relevancia del proyecto para la regi\u00f3n. &#8220;Estamos muy orgullosos de que la primera planta de Vicky Foods en Francia vaya a entrar pronto en funcionamiento. El \u00e9xito de este proyecto refleja el compromiso colectivo de todos los que creen en la industria para el Gran Chalon, su regi\u00f3n y nuestro pa\u00eds&#8221;, se\u00f1al\u00f3. Jean-Claude Lagrange a\u00f1adi\u00f3 que la nueva planta representa una oportunidad de transformaci\u00f3n econ\u00f3mica para la regi\u00f3n de Borgo\u00f1a-Franco Condado y refuerza el atractivo de la regi\u00f3n para la inversi\u00f3n extranjera.<\/p>\n\n\n\n<p>Olivier Tainturier, subprefecto, tambi\u00e9n subray\u00f3 el respaldo del Estado franc\u00e9s a este ambicioso proyecto, mientras que Rafael Juan, CEO de Vicky Foods, expres\u00f3 su satisfacci\u00f3n por el avance del plan de expansi\u00f3n. &#8220;Nuestra relaci\u00f3n con Francia comenz\u00f3 hace casi 30 a\u00f1os, y hoy este pa\u00eds es uno de nuestros mercados m\u00e1s importantes. Estamos comprometidos en consolidar nuestra presencia y ofrecer un mejor servicio a nuestros clientes&#8221;, afirm\u00f3 Juan.<\/p>\n\n\n\n<p><strong>Una Planta Innovadora y Sostenible<\/strong><\/p>\n\n\n\n<p>El nuevo complejo industrial de Vicky Foods en Francia es un reflejo de la apuesta de la compa\u00f1\u00eda por la innovaci\u00f3n y la sostenibilidad. Con tecnolog\u00eda de producci\u00f3n 4.0 y altamente eficiente, este centro incorporar\u00e1 tecnolog\u00edas de \u00faltima generaci\u00f3n para optimizar la productividad y reducir el impacto ambiental. Una de las principales caracter\u00edsticas del complejo es que un 30% de su superficie estar\u00e1 equipada con placas fotovoltaicas para el autoconsumo energ\u00e9tico, en l\u00ednea con el compromiso de la empresa con la sostenibilidad.<\/p>\n\n\n\n<p>El centro comenzar\u00e1 sus operaciones en el primer trimestre de 2025 y estar\u00e1 enfocado en la producci\u00f3n de panader\u00eda, pasteler\u00eda y boller\u00eda, productos en los que Vicky Foods tiene m\u00e1s de 2.500 referencias. Inicialmente, la planta contar\u00e1 con una plantilla de entre 80 y 100 empleados, aunque se espera que esta cifra crezca hasta superar los 250 trabajadores a medida que la actividad de la planta se expanda.<\/p>\n\n\n\n<p><strong>Expansi\u00f3n Internacional y Liderazgo en el Mercado<\/strong><\/p>\n\n\n\n<p>Este proyecto forma parte del plan de expansi\u00f3n internacional de Vicky Foods, que busca consolidar su posici\u00f3n como uno de los grupos l\u00edderes en el sector de la alimentaci\u00f3n a nivel global. La compa\u00f1\u00eda, que ya tiene presencia en m\u00e1s de 60 pa\u00edses, ha experimentado un fuerte crecimiento en los \u00faltimos a\u00f1os. En 2023, Vicky Foods cerr\u00f3 el a\u00f1o con una facturaci\u00f3n global de 629 millones de euros, lo que representa un incremento significativo respecto al a\u00f1o anterior. La empresa tambi\u00e9n alcanz\u00f3 una producci\u00f3n de 214.000 toneladas de productos, consolid\u00e1ndose como la primera en volumen de pasteler\u00eda y boller\u00eda en Espa\u00f1a.<\/p>\n\n\n\n<p>Con tres centros de producci\u00f3n en Gand\u00eda, Villalonga y Argelia, y 18 delegaciones comerciales repartidas por Europa y el norte de \u00c1frica, la compa\u00f1\u00eda sigue enfocada en su expansi\u00f3n global, y Francia ha sido uno de sus mercados clave durante m\u00e1s de 30 a\u00f1os.<\/p>\n\n\n\n<p><strong>Vicky Foods: Una Historia de Innovaci\u00f3n y Compromiso<\/strong><\/p>\n\n\n\n<p>Fundada en 1952, Vicky Foods es una empresa 100% familiar que ha crecido hasta convertirse en un referente del sector alimentario en Espa\u00f1a y en el extranjero. Con m\u00e1s de 3.400 empleados y marcas reconocidas como Dulcesol\u00ae, Horno Hermanos Juan\u00ae, Be Plus\u00ae e Il Forno di Giovanni Ricci\u00ae, el grupo ha destacado por su capacidad de innovaci\u00f3n y por su compromiso con la calidad y la sostenibilidad.<\/p>\n\n\n\n<p>Adem\u00e1s de su enfoque en la producci\u00f3n alimentaria, Vicky Foods cuenta con una granja productora de huevos y una planta de fabricaci\u00f3n de envases, que cubre casi la totalidad de sus necesidades de packaging. La compa\u00f1\u00eda tambi\u00e9n posee un Centro de Innovaci\u00f3n, desde el cual coordina sus proyectos tecnol\u00f3gicos y de salud, as\u00ed como la Fundaci\u00f3n Vicky Foods, que impulsa su acci\u00f3n social en \u00e1mbitos como la innovaci\u00f3n, la cultura y la educaci\u00f3n.<\/p>\n\n\n\n<p>Con la apertura de esta nueva planta en Francia, Vicky Foods refuerza su posici\u00f3n en el mercado europeo y reafirma su compromiso con el crecimiento sostenible y la creaci\u00f3n de valor en las regiones donde opera.<\/p>\n","protected":false},"excerpt":{"rendered":"<p>Vicky Foods, una de las principales empresas del sector alimentario en Europa, ha dado un paso importante en su estrategia de crecimiento internacional con la presentaci\u00f3n de su nueva planta de producci\u00f3n en Francia. Este nuevo complejo industrial, ubicado en Fragnes-La Loy\u00e8re, en la regi\u00f3n de Borgo\u00f1a-Franco Condado, ha sido presentado en un evento al&#8230;<\/p>\n","protected":false},"author":1,"featured_media":4668,"comment_status":"open","ping_status":"open","sticky":false,"template":"","format":"standard","meta":{"footnotes":""},"categories":[1,27],"tags":[],"class_list":["post-4667","post","type-post","status-publish","format-standard","has-post-thumbnail","hentry","category-actualidad","category-sociedad"],"_links":{"self":[{"href":"https:\/\/infogandia.es\/index.php\/wp-json\/wp\/v2\/posts\/4667","targetHints":{"allow":["GET"]}}],"collection":[{"href":"https:\/\/infogandia.es\/index.php\/wp-json\/wp\/v2\/posts"}],"about":[{"href":"https:\/\/infogandia.es\/index.php\/wp-json\/wp\/v2\/types\/post"}],"author":[{"embeddable":true,"href":"https:\/\/infogandia.es\/index.php\/wp-json\/wp\/v2\/users\/1"}],"replies":[{"embeddable":true,"href":"https:\/\/infogandia.es\/index.php\/wp-json\/wp\/v2\/comments?post=4667"}],"version-history":[{"count":2,"href":"https:\/\/infogandia.es\/index.php\/wp-json\/wp\/v2\/posts\/4667\/revisions"}],"predecessor-version":[{"id":4670,"href":"https:\/\/infogandia.es\/index.php\/wp-json\/wp\/v2\/posts\/4667\/revisions\/4670"}],"wp:featuredmedia":[{"embeddable":true,"href":"https:\/\/infogandia.es\/index.php\/wp-json\/wp\/v2\/media\/4668"}],"wp:attachment":[{"href":"https:\/\/infogandia.es\/index.php\/wp-json\/wp\/v2\/media?parent=4667"}],"wp:term":[{"taxonomy":"category","embeddable":true,"href":"https:\/\/infogandia.es\/index.php\/wp-json\/wp\/v2\/categories?post=4667"},{"taxonomy":"post_tag","embeddable":true,"href":"https:\/\/infogandia.es\/index.php\/wp-json\/wp\/v2\/tags?post=4667"}],"curies":[{"name":"wp","href":"https:\/\/api.w.org\/{rel}","templated":true}]}}