{"id":4716,"date":"2024-10-14T16:46:10","date_gmt":"2024-10-14T16:46:10","guid":{"rendered":"https:\/\/infogandia.es\/?p=4716"},"modified":"2024-10-14T16:46:10","modified_gmt":"2024-10-14T16:46:10","slug":"gandia-se-prepara-para-el-xx-festival-internacional-de-cortometrajes-de-animacion-cortoons-2024","status":"publish","type":"post","link":"https:\/\/infogandia.es\/index.php\/2024\/10\/14\/gandia-se-prepara-para-el-xx-festival-internacional-de-cortometrajes-de-animacion-cortoons-2024\/","title":{"rendered":"Gandia se prepara para el XX Festival Internacional de Cortometrajes de Animaci\u00f3n, Cortoons 2024"},"content":{"rendered":"\n<p>La ciudad de Gandia acoger\u00e1 del 18 al 20 de octubre la vig\u00e9sima edici\u00f3n del Festival Internacional de Cortometrajes de Animaci\u00f3n, Cortoons 2024. La regidora de Cultura, Balbina Sendra, junto con Alessandro d&#8217;Urso, director art\u00edstico del festival, y otros colaboradores, presentaron hoy el evento, que promete una amplia variedad de actividades.<\/p>\n\n\n\n<p>En esta edici\u00f3n, se han recibido un total de 2.610 cortometrajes procedentes de 115 pa\u00edses, consolidando a Cortoons como un referente internacional en el \u00e1mbito de la animaci\u00f3n. Sendra subray\u00f3 la importancia del festival para la ciudad y agradeci\u00f3 a entidades como Moll Motors por su apoyo constante: &#8220;Cortoons y Gandia ya se han consolidado como un referente internacional de los cortometrajes de animaci\u00f3n&#8221;.<\/p>\n\n\n\n<p>La jornada inaugural del 18 de octubre ser\u00e1 gratuita e incluir\u00e1 una charla del reconocido autor de efectos visuales Pablo Reche, adem\u00e1s de la proyecci\u00f3n de la pel\u00edcula &#8216;Bienvenidos a Belleville&#8217;. D&#8217;Urso tambi\u00e9n anticip\u00f3 una serie de actividades emocionantes para el fin de semana, incluyendo una charla con el famoso doblador Carlos Ysbert y un doblaje en directo de un episodio de Los Simpsons.<\/p>\n\n\n\n<p>El s\u00e1bado, se llevar\u00e1n a cabo los premios en diversas categor\u00edas, mientras que el domingo estar\u00e1 dedicado a los m\u00e1s j\u00f3venes, con talleres de rob\u00f3tica, origami y un intercambio de cromos. Adem\u00e1s, se rendir\u00e1 homenaje a Ana Mar\u00eda Inchausti Garc\u00eda, una vecina de 90 a\u00f1os que trabaj\u00f3 en una pel\u00edcula de 1950 recientemente recuperada.<\/p>\n\n\n\n<p>Javier Pastor, del Campus de Gandia de la UPV, destac\u00f3 la colaboraci\u00f3n entre la universidad y el festival, que permite a los estudiantes aprender sobre la organizaci\u00f3n de eventos culturales. Por su parte, Javier Moll elogi\u00f3 el crecimiento del festival y la alta calidad de los cortometrajes presentados.<\/p>\n\n\n\n<p>Con un programa repleto de actividades y una notable participaci\u00f3n internacional, el XX Festival Internacional de Cortometrajes de Animaci\u00f3n promete ser un evento inolvidable para los amantes del cine y la animaci\u00f3n.<\/p>\n","protected":false},"excerpt":{"rendered":"<p>La ciudad de Gandia acoger\u00e1 del 18 al 20 de octubre la vig\u00e9sima edici\u00f3n del Festival Internacional de Cortometrajes de Animaci\u00f3n, Cortoons 2024. La regidora de Cultura, Balbina Sendra, junto con Alessandro d&#8217;Urso, director art\u00edstico del festival, y otros colaboradores, presentaron hoy el evento, que promete una amplia variedad de actividades. En esta edici\u00f3n, se&#8230;<\/p>\n","protected":false},"author":1,"featured_media":4717,"comment_status":"open","ping_status":"open","sticky":false,"template":"","format":"standard","meta":{"footnotes":""},"categories":[1,27],"tags":[],"class_list":["post-4716","post","type-post","status-publish","format-standard","has-post-thumbnail","hentry","category-actualidad","category-sociedad"],"_links":{"self":[{"href":"https:\/\/infogandia.es\/index.php\/wp-json\/wp\/v2\/posts\/4716","targetHints":{"allow":["GET"]}}],"collection":[{"href":"https:\/\/infogandia.es\/index.php\/wp-json\/wp\/v2\/posts"}],"about":[{"href":"https:\/\/infogandia.es\/index.php\/wp-json\/wp\/v2\/types\/post"}],"author":[{"embeddable":true,"href":"https:\/\/infogandia.es\/index.php\/wp-json\/wp\/v2\/users\/1"}],"replies":[{"embeddable":true,"href":"https:\/\/infogandia.es\/index.php\/wp-json\/wp\/v2\/comments?post=4716"}],"version-history":[{"count":1,"href":"https:\/\/infogandia.es\/index.php\/wp-json\/wp\/v2\/posts\/4716\/revisions"}],"predecessor-version":[{"id":4718,"href":"https:\/\/infogandia.es\/index.php\/wp-json\/wp\/v2\/posts\/4716\/revisions\/4718"}],"wp:featuredmedia":[{"embeddable":true,"href":"https:\/\/infogandia.es\/index.php\/wp-json\/wp\/v2\/media\/4717"}],"wp:attachment":[{"href":"https:\/\/infogandia.es\/index.php\/wp-json\/wp\/v2\/media?parent=4716"}],"wp:term":[{"taxonomy":"category","embeddable":true,"href":"https:\/\/infogandia.es\/index.php\/wp-json\/wp\/v2\/categories?post=4716"},{"taxonomy":"post_tag","embeddable":true,"href":"https:\/\/infogandia.es\/index.php\/wp-json\/wp\/v2\/tags?post=4716"}],"curies":[{"name":"wp","href":"https:\/\/api.w.org\/{rel}","templated":true}]}}