{"id":4723,"date":"2024-10-14T16:47:08","date_gmt":"2024-10-14T16:47:08","guid":{"rendered":"https:\/\/infogandia.es\/?p=4723"},"modified":"2024-10-14T16:47:09","modified_gmt":"2024-10-14T16:47:09","slug":"gandia-sera-la-ciudad-anfitriona-de-la-proxima-asamblea-de-la-red-retos-del-ministerio-de-trabajo-y-economia-social","status":"publish","type":"post","link":"https:\/\/infogandia.es\/index.php\/2024\/10\/14\/gandia-sera-la-ciudad-anfitriona-de-la-proxima-asamblea-de-la-red-retos-del-ministerio-de-trabajo-y-economia-social\/","title":{"rendered":"Gandia ser\u00e1 la ciudad anfitriona de la pr\u00f3xima Asamblea de la Red RETOS del Ministerio de Trabajo y Econom\u00eda Social"},"content":{"rendered":"\n<p>La ciudad de Gandia ha sido elegida para acoger la pr\u00f3xima Asamblea de la Xarxa de Territoris Socialment Responsables (Red RETOS), una iniciativa del Ministerio de Trabajo y Econom\u00eda Social que busca mejorar la calidad de vida de la ciudadan\u00eda a trav\u00e9s del desarrollo de territorios socialmente responsables.<\/p>\n\n\n\n<p>El Ayuntamiento de Gandia es miembro de esta red desde 2008, junto a 29 entidades m\u00e1s. La decisi\u00f3n fue anunciada en la reciente Asamblea anual celebrada el 30 de septiembre en Granada, donde la regidora de Economia, Empresa, Innovaci\u00f3 i Comer\u00e7, Elena Moncho, represent\u00f3 al municipio. Durante esta asamblea, se discutieron temas sobre la visibilidad y el posicionamiento de la red, as\u00ed como la creaci\u00f3n de nuevos grupos de trabajo para definir el plan de acci\u00f3n de los pr\u00f3ximos a\u00f1os.<\/p>\n\n\n\n<p>Adem\u00e1s, se llev\u00f3 a cabo una jornada abierta sobre innovaci\u00f3n y responsabilidad social en proyectos de desarrollo, que present\u00f3 diversas experiencias sociales e innovadoras que han tenido un impacto positivo en sus comunidades.<\/p>\n\n\n\n<p>Moncho expres\u00f3 su satisfacci\u00f3n por la elecci\u00f3n de Gandia como sede de la pr\u00f3xima asamblea, programada para mayo de 2025. &#8220;El hecho de que Gandia haya sido elegida es una buena noticia. Nos reafirma en la buena labor que estamos realizando en este \u00e1mbito y permitir\u00e1 que muchas personas de otros municipios conozcan nuestra ciudad&#8221;.<\/p>\n\n\n\n<p>La asamblea ofrecer\u00e1 a Gandia la oportunidad de compartir sus experiencias y buenas pr\u00e1cticas como un territorio innovador y sostenible, contribuyendo as\u00ed a la mejora de la calidad de vida de sus ciudadanos.<\/p>\n","protected":false},"excerpt":{"rendered":"<p>La ciudad de Gandia ha sido elegida para acoger la pr\u00f3xima Asamblea de la Xarxa de Territoris Socialment Responsables (Red RETOS), una iniciativa del Ministerio de Trabajo y Econom\u00eda Social que busca mejorar la calidad de vida de la ciudadan\u00eda a trav\u00e9s del desarrollo de territorios socialmente responsables. El Ayuntamiento de Gandia es miembro de&#8230;<\/p>\n","protected":false},"author":1,"featured_media":4721,"comment_status":"open","ping_status":"open","sticky":false,"template":"","format":"standard","meta":{"footnotes":""},"categories":[1,6,3],"tags":[],"class_list":["post-4723","post","type-post","status-publish","format-standard","has-post-thumbnail","hentry","category-actualidad","category-economia","category-politica"],"_links":{"self":[{"href":"https:\/\/infogandia.es\/index.php\/wp-json\/wp\/v2\/posts\/4723","targetHints":{"allow":["GET"]}}],"collection":[{"href":"https:\/\/infogandia.es\/index.php\/wp-json\/wp\/v2\/posts"}],"about":[{"href":"https:\/\/infogandia.es\/index.php\/wp-json\/wp\/v2\/types\/post"}],"author":[{"embeddable":true,"href":"https:\/\/infogandia.es\/index.php\/wp-json\/wp\/v2\/users\/1"}],"replies":[{"embeddable":true,"href":"https:\/\/infogandia.es\/index.php\/wp-json\/wp\/v2\/comments?post=4723"}],"version-history":[{"count":1,"href":"https:\/\/infogandia.es\/index.php\/wp-json\/wp\/v2\/posts\/4723\/revisions"}],"predecessor-version":[{"id":4724,"href":"https:\/\/infogandia.es\/index.php\/wp-json\/wp\/v2\/posts\/4723\/revisions\/4724"}],"wp:featuredmedia":[{"embeddable":true,"href":"https:\/\/infogandia.es\/index.php\/wp-json\/wp\/v2\/media\/4721"}],"wp:attachment":[{"href":"https:\/\/infogandia.es\/index.php\/wp-json\/wp\/v2\/media?parent=4723"}],"wp:term":[{"taxonomy":"category","embeddable":true,"href":"https:\/\/infogandia.es\/index.php\/wp-json\/wp\/v2\/categories?post=4723"},{"taxonomy":"post_tag","embeddable":true,"href":"https:\/\/infogandia.es\/index.php\/wp-json\/wp\/v2\/tags?post=4723"}],"curies":[{"name":"wp","href":"https:\/\/api.w.org\/{rel}","templated":true}]}}