{"id":4730,"date":"2024-10-15T07:47:48","date_gmt":"2024-10-15T07:47:48","guid":{"rendered":"https:\/\/infogandia.es\/?p=4730"},"modified":"2024-10-15T07:47:48","modified_gmt":"2024-10-15T07:47:48","slug":"gandia-la-grua-y-la-zona-azul-sin-contrato-desde-el-15-de-septiembre","status":"publish","type":"post","link":"https:\/\/infogandia.es\/index.php\/2024\/10\/15\/gandia-la-grua-y-la-zona-azul-sin-contrato-desde-el-15-de-septiembre\/","title":{"rendered":"Gandia: La Gr\u00faa y la Zona Azul sin contrato desde el 15 de septiembre"},"content":{"rendered":"\n<p>El portavoz del Partido Popular en Gandia, V\u00edctor Soler Beneyto, ha denunciado que los contratos para la gesti\u00f3n de la Gr\u00faa y la Zona Azul est\u00e1n sin vigencia desde el pasado 15 de septiembre. Seg\u00fan Soler, el contrato, firmado a finales de 2017 por un per\u00edodo de cuatro a\u00f1os m\u00e1s dos prorrogables, expir\u00f3 sin que se haya renovado, lo que sit\u00faa a la empresa concesionaria, Estacionamientos y Servicios S.A.U., en una situaci\u00f3n de &#8220;alegalidad&#8221;.<\/p>\n\n\n\n<p>Soler record\u00f3 que en mayo de 2021 se realiz\u00f3 una modificaci\u00f3n del contrato, que inclu\u00eda un reequilibrio econ\u00f3mico y un aumento en las plazas de aparcamiento de pago en la playa de Gandia, lo que extendi\u00f3 el plazo de ejecuci\u00f3n hasta el 15 de septiembre de 2024. Sin embargo, tras esa fecha, el servicio de la Gr\u00faa y la ORA qued\u00f3 sin t\u00edtulo habilitante, a pesar de los requerimientos realizados al departamento de Movilidad para advertir sobre la finalizaci\u00f3n del contrato.<\/p>\n\n\n\n<p>El portavoz del PP critic\u00f3 la falta de acci\u00f3n del Gobierno socialista de Gandia, liderado por el alcalde Jos\u00e9 Prieto, y pidi\u00f3 acceso al expediente de contrataci\u00f3n, se\u00f1alando una clara falta de gesti\u00f3n en un servicio vital para la ciudad.<\/p>\n\n\n\n<p>En respuesta, la concejala de Movilidad, Lydia Morant Var\u00f3, asegur\u00f3 que se est\u00e1 trabajando en la separaci\u00f3n de los contratos, como exige la ley. Inform\u00f3 que el contrato de la Gr\u00faa saldr\u00e1 a licitaci\u00f3n en noviembre y que se est\u00e1 desarrollando el estudio previo para el de la Zona Azul, destacando que la separaci\u00f3n permitir\u00e1 adaptar mejor los servicios a las necesidades de la ciudad.<\/p>\n","protected":false},"excerpt":{"rendered":"<p>El portavoz del Partido Popular en Gandia, V\u00edctor Soler Beneyto, ha denunciado que los contratos para la gesti\u00f3n de la Gr\u00faa y la Zona Azul est\u00e1n sin vigencia desde el pasado 15 de septiembre. Seg\u00fan Soler, el contrato, firmado a finales de 2017 por un per\u00edodo de cuatro a\u00f1os m\u00e1s dos prorrogables, expir\u00f3 sin que&#8230;<\/p>\n","protected":false},"author":1,"featured_media":4731,"comment_status":"open","ping_status":"open","sticky":false,"template":"","format":"standard","meta":{"footnotes":""},"categories":[1,6,3,27],"tags":[],"class_list":["post-4730","post","type-post","status-publish","format-standard","has-post-thumbnail","hentry","category-actualidad","category-economia","category-politica","category-sociedad"],"_links":{"self":[{"href":"https:\/\/infogandia.es\/index.php\/wp-json\/wp\/v2\/posts\/4730","targetHints":{"allow":["GET"]}}],"collection":[{"href":"https:\/\/infogandia.es\/index.php\/wp-json\/wp\/v2\/posts"}],"about":[{"href":"https:\/\/infogandia.es\/index.php\/wp-json\/wp\/v2\/types\/post"}],"author":[{"embeddable":true,"href":"https:\/\/infogandia.es\/index.php\/wp-json\/wp\/v2\/users\/1"}],"replies":[{"embeddable":true,"href":"https:\/\/infogandia.es\/index.php\/wp-json\/wp\/v2\/comments?post=4730"}],"version-history":[{"count":1,"href":"https:\/\/infogandia.es\/index.php\/wp-json\/wp\/v2\/posts\/4730\/revisions"}],"predecessor-version":[{"id":4732,"href":"https:\/\/infogandia.es\/index.php\/wp-json\/wp\/v2\/posts\/4730\/revisions\/4732"}],"wp:featuredmedia":[{"embeddable":true,"href":"https:\/\/infogandia.es\/index.php\/wp-json\/wp\/v2\/media\/4731"}],"wp:attachment":[{"href":"https:\/\/infogandia.es\/index.php\/wp-json\/wp\/v2\/media?parent=4730"}],"wp:term":[{"taxonomy":"category","embeddable":true,"href":"https:\/\/infogandia.es\/index.php\/wp-json\/wp\/v2\/categories?post=4730"},{"taxonomy":"post_tag","embeddable":true,"href":"https:\/\/infogandia.es\/index.php\/wp-json\/wp\/v2\/tags?post=4730"}],"curies":[{"name":"wp","href":"https:\/\/api.w.org\/{rel}","templated":true}]}}