{"id":4743,"date":"2024-10-15T15:48:49","date_gmt":"2024-10-15T15:48:49","guid":{"rendered":"https:\/\/infogandia.es\/?p=4743"},"modified":"2024-10-15T15:48:51","modified_gmt":"2024-10-15T15:48:51","slug":"finalizan-las-obras-de-remodelacion-del-mercat-del-prado-de-gandia-en-diciembre","status":"publish","type":"post","link":"https:\/\/infogandia.es\/index.php\/2024\/10\/15\/finalizan-las-obras-de-remodelacion-del-mercat-del-prado-de-gandia-en-diciembre\/","title":{"rendered":"Finalizan las Obras de Remodelaci\u00f3n del Mercat del Prado de Gandia en Diciembre"},"content":{"rendered":"\n<p>Las obras de remodelaci\u00f3n del Mercat del Prado concluir\u00e1n el pr\u00f3ximo mes de diciembre. As\u00ed lo ha confirmado el alcalde de Gandia, Jos\u00e9 Manuel Prieto, durante una visita a las instalaciones, acompa\u00f1ado por la concejala de Comercio, Elena Moncho, la coordinadora general de Urbanismo, Maite Alonso, y la presidenta de la Junta de Distrito del Raval, Maribel Codina, junto a t\u00e9cnicos municipales y responsables de la empresa constructora.<\/p>\n\n\n\n<p>Prieto destac\u00f3 que esta actuaci\u00f3n cuenta con un presupuesto de 1,8 millones de euros, de los cuales 1,6 millones provienen de fondos europeos Next Generation, mientras que el ayuntamiento ha aportado 381,000 euros. <strong><em>&#8220;Siempre es una buena noticia que la ciudad demuestre su capacidad para obtener subvenciones y, sobre todo, acceder a los fondos europeos con proyectos que transformen Gandia&#8221;, <\/em><\/strong>afirm\u00f3.<\/p>\n\n\n\n<p>La remodelaci\u00f3n permitir\u00e1 mejorar la competitividad del mercado mediante la implantaci\u00f3n de nuevas tecnolog\u00edas, creando un <strong><em>&#8220;espacio m\u00e1s humano, habitable y beneficioso para la venta de productos&#8221;<\/em><\/strong>. Uno de los principales cambios ser\u00e1 la creaci\u00f3n de una nueva plaza interior donde los establecimientos compartir\u00e1n mesas, mejorando as\u00ed la experiencia del cliente.<\/p>\n\n\n\n<p>Adem\u00e1s, el n\u00famero de locales pasar\u00e1 de 9 a 13, se mejorar\u00e1 la eficiencia energ\u00e9tica y se instalar\u00e1 un nuevo sistema de climatizaci\u00f3n. El mercado contar\u00e1 con un ambiente m\u00e1s confortable, una oferta comercial variada y espacios para el estacionamiento de bicicletas y carga de veh\u00edculos de movilidad personal, fomentando as\u00ed la movilidad sostenible.<\/p>\n\n\n\n<p>Otra novedad es la posibilidad de realizar pedidos en l\u00ednea y recogerlos en &#8216;lockers&#8217; disponibles las 24 horas del d\u00eda. Tambi\u00e9n se habilitar\u00e1n dos quioscos con pantallas para facilitar las compras dentro del mercado.<\/p>\n\n\n\n<p><strong><em>&#8220;Revitalizamos el Mercat del Prado para mejorar la comodidad, con un nuevo sistema de climatizaci\u00f3n y nuevos ba\u00f1os, adem\u00e1s de eliminar las filtraciones de agua que se produc\u00edan anteriormente&#8221;,<\/em><\/strong> afirm\u00f3 Prieto, quien subray\u00f3 que la iniciativa apoyar\u00e1 los productos de proximidad, promoviendo establecimientos vinculados a la producci\u00f3n local.<\/p>\n\n\n\n<p>Finalmente, el alcalde record\u00f3 que en 2033 el Mercat del Prado cumplir\u00e1 cien a\u00f1os y con esta inversi\u00f3n <strong><em>&#8220;continuar\u00e1 siendo un emblema comercial y de encuentro en la ciudad, consolid\u00e1ndonos como capital&#8221;.<\/em><\/strong><\/p>\n\n\n\n<figure class=\"wp-block-image size-large\"><img fetchpriority=\"high\" decoding=\"async\" width=\"1024\" height=\"707\" src=\"https:\/\/infogandia.es\/wp-content\/uploads\/2024\/10\/AO_8090-copia-1-1024x707.jpg\" alt=\"\" class=\"wp-image-4747\" srcset=\"https:\/\/infogandia.es\/wp-content\/uploads\/2024\/10\/AO_8090-copia-1-1024x707.jpg 1024w, https:\/\/infogandia.es\/wp-content\/uploads\/2024\/10\/AO_8090-copia-1-300x207.jpg 300w, https:\/\/infogandia.es\/wp-content\/uploads\/2024\/10\/AO_8090-copia-1-768x530.jpg 768w, https:\/\/infogandia.es\/wp-content\/uploads\/2024\/10\/AO_8090-copia-1-1536x1061.jpg 1536w, https:\/\/infogandia.es\/wp-content\/uploads\/2024\/10\/AO_8090-copia-1.jpg 1772w\" sizes=\"(max-width: 1024px) 100vw, 1024px\" \/><\/figure>\n","protected":false},"excerpt":{"rendered":"<p>Las obras de remodelaci\u00f3n del Mercat del Prado concluir\u00e1n el pr\u00f3ximo mes de diciembre. As\u00ed lo ha confirmado el alcalde de Gandia, Jos\u00e9 Manuel Prieto, durante una visita a las instalaciones, acompa\u00f1ado por la concejala de Comercio, Elena Moncho, la coordinadora general de Urbanismo, Maite Alonso, y la presidenta de la Junta de Distrito del&#8230;<\/p>\n","protected":false},"author":1,"featured_media":4744,"comment_status":"open","ping_status":"open","sticky":false,"template":"","format":"standard","meta":{"footnotes":""},"categories":[1],"tags":[],"class_list":["post-4743","post","type-post","status-publish","format-standard","has-post-thumbnail","hentry","category-actualidad"],"_links":{"self":[{"href":"https:\/\/infogandia.es\/index.php\/wp-json\/wp\/v2\/posts\/4743","targetHints":{"allow":["GET"]}}],"collection":[{"href":"https:\/\/infogandia.es\/index.php\/wp-json\/wp\/v2\/posts"}],"about":[{"href":"https:\/\/infogandia.es\/index.php\/wp-json\/wp\/v2\/types\/post"}],"author":[{"embeddable":true,"href":"https:\/\/infogandia.es\/index.php\/wp-json\/wp\/v2\/users\/1"}],"replies":[{"embeddable":true,"href":"https:\/\/infogandia.es\/index.php\/wp-json\/wp\/v2\/comments?post=4743"}],"version-history":[{"count":1,"href":"https:\/\/infogandia.es\/index.php\/wp-json\/wp\/v2\/posts\/4743\/revisions"}],"predecessor-version":[{"id":4748,"href":"https:\/\/infogandia.es\/index.php\/wp-json\/wp\/v2\/posts\/4743\/revisions\/4748"}],"wp:featuredmedia":[{"embeddable":true,"href":"https:\/\/infogandia.es\/index.php\/wp-json\/wp\/v2\/media\/4744"}],"wp:attachment":[{"href":"https:\/\/infogandia.es\/index.php\/wp-json\/wp\/v2\/media?parent=4743"}],"wp:term":[{"taxonomy":"category","embeddable":true,"href":"https:\/\/infogandia.es\/index.php\/wp-json\/wp\/v2\/categories?post=4743"},{"taxonomy":"post_tag","embeddable":true,"href":"https:\/\/infogandia.es\/index.php\/wp-json\/wp\/v2\/tags?post=4743"}],"curies":[{"name":"wp","href":"https:\/\/api.w.org\/{rel}","templated":true}]}}