{"id":4749,"date":"2024-10-15T15:49:52","date_gmt":"2024-10-15T15:49:52","guid":{"rendered":"https:\/\/infogandia.es\/?p=4749"},"modified":"2024-10-15T15:49:52","modified_gmt":"2024-10-15T15:49:52","slug":"gandia-activa-el-servicio-de-policia-de-barrio-por-las-tardes-para-mejorar-la-convivencia-y-aumentar-la-seguridad","status":"publish","type":"post","link":"https:\/\/infogandia.es\/index.php\/2024\/10\/15\/gandia-activa-el-servicio-de-policia-de-barrio-por-las-tardes-para-mejorar-la-convivencia-y-aumentar-la-seguridad\/","title":{"rendered":"Gandia Activa el Servicio de Polic\u00eda de Barrio por las Tardes para Mejorar la Convivencia y Aumentar la Seguridad"},"content":{"rendered":"\n<p>La concejala delegada de Protecci\u00f3n, Seguridad Ciudadana y Convivencia, Lydia Morant, y el comisario principal y jefe de la Polic\u00eda Local de Gandia, Jos\u00e9 Mart\u00ednez Espasa, han comparecido hoy en rueda de prensa para informar sobre la reorganizaci\u00f3n de la plantilla policial.<\/p>\n\n\n\n<p>Seg\u00fan ha explicado Morant, el objetivo de esta reorganizaci\u00f3n es <strong><em>&#8220;mejorar la capacidad de respuesta en los barrios y estar m\u00e1s cerca de los ciudadanos, atendiendo las necesidades de convivencia y seguridad de manera m\u00e1s efectiva&#8221;.<\/em><\/strong> Uno de los cambios m\u00e1s destacados es el refuerzo de la Unidad de Proximidad, que ejercer\u00e1 su actividad en horario de tarde. Estos agentes atender\u00e1n situaciones como el ruido en los parques, el incivismo relacionado con mascotas y la recogida de muebles viejos abandonados en la v\u00eda p\u00fablica. La edil ha subrayado el importante incremento de esta unidad, que pasar\u00e1 de contar con 4 a 12 efectivos.<\/p>\n\n\n\n<p>Respecto a los motivos de esta decisi\u00f3n, la responsable de seguridad ha informado que, por un lado, se busca mejorar la calidad del servicio ofrecido a los ciudadanos, optimizando los recursos policiales para abordar mejor los problemas que m\u00e1s preocupan en los barrios, y por otro lado, se responde a una demanda vecinal planteada en diversas Juntas de Distrito.<\/p>\n\n\n\n<p><strong><em>&#8220;Queremos una polic\u00eda m\u00e1s eficiente, capaz de estar donde y cuando m\u00e1s se necesita&#8221;<\/em><\/strong>, ha declarado la concejala. Para lograrlo,<strong><em> &#8220;hemos aumentado el personal asignado a la Unidad de Proximidad, asignando nuevas funciones para cubrir mejor los problemas que surgen en los turnos de tarde-noche&#8221;.<\/em><\/strong> Estos cambios garantizar\u00e1n una mayor presencia policial en momentos clave y permitir\u00e1n desarrollar parte de su actividad en parques infantiles y espacios con gran afluencia de personas.<\/p>\n\n\n\n<p>Sobre la Unidad de Proximidad, Espasa ha indicado que habr\u00e1 agentes disponibles de 5 de la tarde a 1 de la ma\u00f1ana para centrarse en problemas relacionados con la convivencia. Adem\u00e1s, la reestructuraci\u00f3n de la unidad de tr\u00e1fico permitir\u00e1 cubrir tres turnos: ma\u00f1ana, tarde y noche. <strong><em>&#8220;Estos cambios nos permitir\u00e1n tener polic\u00eda en los momentos en que la ciudadan\u00eda lo necesita y lo reclama&#8221;<\/em><\/strong>, a\u00f1adi\u00f3, destacando que <strong><em>&#8220;la unidad de tr\u00e1fico tambi\u00e9n dar\u00e1 servicio por la noche, mejorando la atenci\u00f3n y la presencia en los eventos que se realicen en estas franjas horarias&#8221;.<\/em><\/strong><\/p>\n\n\n\n<p>Tambi\u00e9n se ha se\u00f1alado que la reestructuraci\u00f3n responde a la nueva jornada laboral aprobada por todos los sindicatos, un acuerdo que contempla distribuir los efectivos de una manera distinta y m\u00e1s eficaz.<\/p>\n\n\n\n<p>Seg\u00fan datos del departamento, el 29% de las actuaciones est\u00e1n relacionadas con la Polic\u00eda Administrativa, mientras que un 19% tiene que ver con la Polic\u00eda Asistencial y Humanitaria, lo que representa casi la mitad de las intervenciones cubiertas por la polic\u00eda de proximidad en muchas ocasiones, raz\u00f3n por la cual este refuerzo redundar\u00e1 en una mejor prestaci\u00f3n del servicio.<\/p>\n\n\n\n<p><strong><em>&#8220;Nuestro objetivo es mejorar la convivencia y la seguridad en nuestros barrios. Queremos que la Polic\u00eda Local siga siendo un referente de proximidad y eficiencia en la respuesta a los problemas que m\u00e1s afectan a los ciudadanos. Con estos ajustes, estamos seguros de que podremos ofrecer un servicio a\u00fan mejor a nuestros vecinos&#8221;<\/em><\/strong>, concluy\u00f3 Espasa.<\/p>\n","protected":false},"excerpt":{"rendered":"<p>La concejala delegada de Protecci\u00f3n, Seguridad Ciudadana y Convivencia, Lydia Morant, y el comisario principal y jefe de la Polic\u00eda Local de Gandia, Jos\u00e9 Mart\u00ednez Espasa, han comparecido hoy en rueda de prensa para informar sobre la reorganizaci\u00f3n de la plantilla policial. Seg\u00fan ha explicado Morant, el objetivo de esta reorganizaci\u00f3n es &#8220;mejorar la capacidad&#8230;<\/p>\n","protected":false},"author":1,"featured_media":4746,"comment_status":"open","ping_status":"open","sticky":false,"template":"","format":"standard","meta":{"footnotes":""},"categories":[1,27],"tags":[],"class_list":["post-4749","post","type-post","status-publish","format-standard","has-post-thumbnail","hentry","category-actualidad","category-sociedad"],"_links":{"self":[{"href":"https:\/\/infogandia.es\/index.php\/wp-json\/wp\/v2\/posts\/4749","targetHints":{"allow":["GET"]}}],"collection":[{"href":"https:\/\/infogandia.es\/index.php\/wp-json\/wp\/v2\/posts"}],"about":[{"href":"https:\/\/infogandia.es\/index.php\/wp-json\/wp\/v2\/types\/post"}],"author":[{"embeddable":true,"href":"https:\/\/infogandia.es\/index.php\/wp-json\/wp\/v2\/users\/1"}],"replies":[{"embeddable":true,"href":"https:\/\/infogandia.es\/index.php\/wp-json\/wp\/v2\/comments?post=4749"}],"version-history":[{"count":1,"href":"https:\/\/infogandia.es\/index.php\/wp-json\/wp\/v2\/posts\/4749\/revisions"}],"predecessor-version":[{"id":4750,"href":"https:\/\/infogandia.es\/index.php\/wp-json\/wp\/v2\/posts\/4749\/revisions\/4750"}],"wp:featuredmedia":[{"embeddable":true,"href":"https:\/\/infogandia.es\/index.php\/wp-json\/wp\/v2\/media\/4746"}],"wp:attachment":[{"href":"https:\/\/infogandia.es\/index.php\/wp-json\/wp\/v2\/media?parent=4749"}],"wp:term":[{"taxonomy":"category","embeddable":true,"href":"https:\/\/infogandia.es\/index.php\/wp-json\/wp\/v2\/categories?post=4749"},{"taxonomy":"post_tag","embeddable":true,"href":"https:\/\/infogandia.es\/index.php\/wp-json\/wp\/v2\/tags?post=4749"}],"curies":[{"name":"wp","href":"https:\/\/api.w.org\/{rel}","templated":true}]}}