{"id":4765,"date":"2024-10-16T09:55:25","date_gmt":"2024-10-16T09:55:25","guid":{"rendered":"https:\/\/infogandia.es\/?p=4765"},"modified":"2024-10-16T09:55:25","modified_gmt":"2024-10-16T09:55:25","slug":"fiesta-de-pansa-y-danza-en-oliva","status":"publish","type":"post","link":"https:\/\/infogandia.es\/index.php\/2024\/10\/16\/fiesta-de-pansa-y-danza-en-oliva\/","title":{"rendered":"Fiesta de Pansa y Danza en Oliva"},"content":{"rendered":"\n<p>La Asociaci\u00f3n Vecinal y Cultural El Palau, con la colaboraci\u00f3n de la Concejal\u00eda de Participaci\u00f3n Ciudadana que dirige la alcaldesa Yolanda Pastor, ha organizado para el pr\u00f3ximo domingo la Fiesta de Pansa y Danza, una celebraci\u00f3n dedicada al mundo de la pansa, un producto tradicional de nuestras comarcas que resulta del calentamiento del uva moscatel, preferentemente.<\/p>\n\n\n\n<p>La fiesta incluir\u00e1 talleres tradicionales abiertos y gratuitos para aprender a hacer n\u00facleos, miel, objetos de mimbre y esparto, jab\u00f3n y fotograf\u00edas monocrom\u00e1ticas (cianotipia).<\/p>\n\n\n\n<p>Adem\u00e1s, habr\u00e1 un almuerzo popular con picoteo y bebida, y los asistentes podr\u00e1n elegir entre arroz al horno tradicional o arroz al horno con pasas y garbanzos (apto para vegetarianos y muy sabroso). Para el almuerzo, es necesario comprar un ticket por 10 euros en la tienda de electrodom\u00e9sticos Mi Electro de Rafaella (c\/ de Les Torres, 2).<\/p>\n\n\n\n<p>La Fiesta de Pansa y Danza, con talleres participativos, almuerzo y la m\u00fasica de Amadeu Vidal, tendr\u00e1 lugar en el CEIP Santa Anna de Oliva el domingo 20 de octubre a partir de las 11 h.<\/p>\n","protected":false},"excerpt":{"rendered":"<p>La Asociaci\u00f3n Vecinal y Cultural El Palau, con la colaboraci\u00f3n de la Concejal\u00eda de Participaci\u00f3n Ciudadana que dirige la alcaldesa Yolanda Pastor, ha organizado para el pr\u00f3ximo domingo la Fiesta de Pansa y Danza, una celebraci\u00f3n dedicada al mundo de la pansa, un producto tradicional de nuestras comarcas que resulta del calentamiento del uva moscatel,&#8230;<\/p>\n","protected":false},"author":1,"featured_media":4766,"comment_status":"open","ping_status":"open","sticky":false,"template":"","format":"standard","meta":{"footnotes":""},"categories":[1],"tags":[],"class_list":["post-4765","post","type-post","status-publish","format-standard","has-post-thumbnail","hentry","category-actualidad"],"_links":{"self":[{"href":"https:\/\/infogandia.es\/index.php\/wp-json\/wp\/v2\/posts\/4765","targetHints":{"allow":["GET"]}}],"collection":[{"href":"https:\/\/infogandia.es\/index.php\/wp-json\/wp\/v2\/posts"}],"about":[{"href":"https:\/\/infogandia.es\/index.php\/wp-json\/wp\/v2\/types\/post"}],"author":[{"embeddable":true,"href":"https:\/\/infogandia.es\/index.php\/wp-json\/wp\/v2\/users\/1"}],"replies":[{"embeddable":true,"href":"https:\/\/infogandia.es\/index.php\/wp-json\/wp\/v2\/comments?post=4765"}],"version-history":[{"count":1,"href":"https:\/\/infogandia.es\/index.php\/wp-json\/wp\/v2\/posts\/4765\/revisions"}],"predecessor-version":[{"id":4767,"href":"https:\/\/infogandia.es\/index.php\/wp-json\/wp\/v2\/posts\/4765\/revisions\/4767"}],"wp:featuredmedia":[{"embeddable":true,"href":"https:\/\/infogandia.es\/index.php\/wp-json\/wp\/v2\/media\/4766"}],"wp:attachment":[{"href":"https:\/\/infogandia.es\/index.php\/wp-json\/wp\/v2\/media?parent=4765"}],"wp:term":[{"taxonomy":"category","embeddable":true,"href":"https:\/\/infogandia.es\/index.php\/wp-json\/wp\/v2\/categories?post=4765"},{"taxonomy":"post_tag","embeddable":true,"href":"https:\/\/infogandia.es\/index.php\/wp-json\/wp\/v2\/tags?post=4765"}],"curies":[{"name":"wp","href":"https:\/\/api.w.org\/{rel}","templated":true}]}}