{"id":4794,"date":"2024-10-17T15:57:54","date_gmt":"2024-10-17T15:57:54","guid":{"rendered":"https:\/\/infogandia.es\/?p=4794"},"modified":"2024-10-17T15:57:54","modified_gmt":"2024-10-17T15:57:54","slug":"el-domingo-se-celebra-la-3a-marcha-solidaria-por-la-fibromialgia-en-oliva","status":"publish","type":"post","link":"https:\/\/infogandia.es\/index.php\/2024\/10\/17\/el-domingo-se-celebra-la-3a-marcha-solidaria-por-la-fibromialgia-en-oliva\/","title":{"rendered":"El domingo se celebra la 3a Marcha Solidaria por la Fibromialgia en Oliva"},"content":{"rendered":"\n<p>El pr\u00f3ximo domingo, 20 de octubre, tendr\u00e1 lugar la 3a Marcha Solidaria para la investigaci\u00f3n de la Fibromialgia, el Dolor Cr\u00f3nico Infantil y la S\u00edndrome de la Fatiga Cr\u00f3nica. La antigua carrera &#8220;Camina y corre&#8221; ha cambiado su nombre para ser m\u00e1s inclusiva y, por primera vez, incluir\u00e1 una carrera infantil.<\/p>\n\n\n\n<p>La marcha comenzar\u00e1 a las 9:30 h desde el Centro Polivalente, donde tambi\u00e9n finalizar\u00e1. Los participantes podr\u00e1n elegir entre dos recorridos: uno de 7,5 km y otro de 4 km. La caminata estar\u00e1 amenizada por la Batucada &#8220;Fem Comboi&#8221;, y al finalizar habr\u00e1 una entrega de premios y un desayuno para los asistentes.<\/p>\n\n\n\n<p>El evento est\u00e1 organizado por la Asociaci\u00f3n de Fibromialgia de la Safor (AFISA), con la colaboraci\u00f3n del Ayuntamiento de Oliva. La presidenta de AFISA, Luisa Arias, ha destacado que todos los fondos recaudados de la venta de camisetas (7 \u20ac) y dorsales (3 \u20ac) se destinar\u00e1n a la investigaci\u00f3n sobre la fibromialgia de la Universidad Cat\u00f3lica de Valencia y del Dr. Jordi Mir\u00f3, director de la C\u00e1tedra de Dolor Infantil.<\/p>\n\n\n\n<p>La alcaldesa de Oliva, Yolanda Pastor, ha agradecido la labor de AFISA en la ayuda a los enfermos y la promoci\u00f3n de la enfermedad, animando a todos los vecinos de Oliva y poblaciones cercanas a participar en esta importante marcha solidaria.<\/p>\n\n\n\n<p>#AjuntamentOliva #MarchaSolidariaFibromialgia #AFISA<\/p>\n","protected":false},"excerpt":{"rendered":"<p>El pr\u00f3ximo domingo, 20 de octubre, tendr\u00e1 lugar la 3a Marcha Solidaria para la investigaci\u00f3n de la Fibromialgia, el Dolor Cr\u00f3nico Infantil y la S\u00edndrome de la Fatiga Cr\u00f3nica. La antigua carrera &#8220;Camina y corre&#8221; ha cambiado su nombre para ser m\u00e1s inclusiva y, por primera vez, incluir\u00e1 una carrera infantil. La marcha comenzar\u00e1 a&#8230;<\/p>\n","protected":false},"author":1,"featured_media":4795,"comment_status":"open","ping_status":"open","sticky":false,"template":"","format":"standard","meta":{"footnotes":""},"categories":[1,4],"tags":[],"class_list":["post-4794","post","type-post","status-publish","format-standard","has-post-thumbnail","hentry","category-actualidad","category-deporte"],"_links":{"self":[{"href":"https:\/\/infogandia.es\/index.php\/wp-json\/wp\/v2\/posts\/4794","targetHints":{"allow":["GET"]}}],"collection":[{"href":"https:\/\/infogandia.es\/index.php\/wp-json\/wp\/v2\/posts"}],"about":[{"href":"https:\/\/infogandia.es\/index.php\/wp-json\/wp\/v2\/types\/post"}],"author":[{"embeddable":true,"href":"https:\/\/infogandia.es\/index.php\/wp-json\/wp\/v2\/users\/1"}],"replies":[{"embeddable":true,"href":"https:\/\/infogandia.es\/index.php\/wp-json\/wp\/v2\/comments?post=4794"}],"version-history":[{"count":1,"href":"https:\/\/infogandia.es\/index.php\/wp-json\/wp\/v2\/posts\/4794\/revisions"}],"predecessor-version":[{"id":4796,"href":"https:\/\/infogandia.es\/index.php\/wp-json\/wp\/v2\/posts\/4794\/revisions\/4796"}],"wp:featuredmedia":[{"embeddable":true,"href":"https:\/\/infogandia.es\/index.php\/wp-json\/wp\/v2\/media\/4795"}],"wp:attachment":[{"href":"https:\/\/infogandia.es\/index.php\/wp-json\/wp\/v2\/media?parent=4794"}],"wp:term":[{"taxonomy":"category","embeddable":true,"href":"https:\/\/infogandia.es\/index.php\/wp-json\/wp\/v2\/categories?post=4794"},{"taxonomy":"post_tag","embeddable":true,"href":"https:\/\/infogandia.es\/index.php\/wp-json\/wp\/v2\/tags?post=4794"}],"curies":[{"name":"wp","href":"https:\/\/api.w.org\/{rel}","templated":true}]}}