{"id":4844,"date":"2024-10-23T10:21:09","date_gmt":"2024-10-23T10:21:09","guid":{"rendered":"https:\/\/infogandia.es\/?p=4844"},"modified":"2024-10-23T10:21:09","modified_gmt":"2024-10-23T10:21:09","slug":"gandia-avanza-en-infraestructuras-con-el-compromiso-de-la-generalitat","status":"publish","type":"post","link":"https:\/\/infogandia.es\/index.php\/2024\/10\/23\/gandia-avanza-en-infraestructuras-con-el-compromiso-de-la-generalitat\/","title":{"rendered":"Gandia avanza en infraestructuras con el compromiso de la Generalitat"},"content":{"rendered":"\n<p>El alcalde de Gandia, Jos\u00e9 Manuel Prieto, logr\u00f3 ayer un importante compromiso por parte de la Generalitat para establecer una mesa de di\u00e1logo enfocada en el enlace de la CV-60 con la AP-7 y la conexi\u00f3n ferroviaria con D\u00e9nia. Esta reuni\u00f3n, que incluy\u00f3 la participaci\u00f3n del conseller de Medi Ambient, Infraestructures i Territori, Vicente Mart\u00ednez, as\u00ed como otros miembros de ambas administraciones, busca mejorar las infraestructuras de la regi\u00f3n y potenciar su competitividad.<\/p>\n\n\n\n<p>Durante el encuentro, Mart\u00ednez anunci\u00f3 que ya se ha iniciado el proceso de licitaci\u00f3n para la redacci\u00f3n del tramo de Palma de Gandia a Gandia de la CV-60. Esta v\u00eda, que conecta diversas comarcas de la Comunidad Valenciana, es considerada esencial para vertebrar la zona y mejorar la situaci\u00f3n de las empresas locales.<\/p>\n\n\n\n<p>Prieto expres\u00f3 su satisfacci\u00f3n por este avance, subrayando que la CV-60 no solo beneficiar\u00e1 a la comarca, sino que tambi\u00e9n contribuir\u00e1 a la competitividad del tejido productivo. Asimismo, destac\u00f3 la importancia del enlace con la autopista, que facilitar\u00e1 a\u00fan m\u00e1s la comunicaci\u00f3n en la regi\u00f3n.<\/p>\n\n\n\n<p>El conseller Mart\u00ednez agreg\u00f3 que la CV-60 debe convertirse en un eje vertebrador para toda la Comunidad Valenciana y que se est\u00e1n cumpliendo etapas hacia su concreci\u00f3n. Por otro lado, se acord\u00f3 que las tres administraciones trabajar\u00e1n conjuntamente en el desarrollo de la conexi\u00f3n ferroviaria entre la Safor y la Marina, destacando la colaboraci\u00f3n entre los distintos niveles de gobierno.<\/p>\n\n\n\n<p>Prieto enfatiz\u00f3 la necesidad de priorizar el inter\u00e9s general en cuestiones de infraestructura, asegurando que la administraci\u00f3n debe ser \u00fatil y atender las demandas de la ciudadan\u00eda.<\/p>\n\n\n\n<p>Finalmente, el conseller firm\u00f3 en el Libro de Honor de la ciudad, marcando su primera visita a Gandia.<\/p>\n","protected":false},"excerpt":{"rendered":"<p>El alcalde de Gandia, Jos\u00e9 Manuel Prieto, logr\u00f3 ayer un importante compromiso por parte de la Generalitat para establecer una mesa de di\u00e1logo enfocada en el enlace de la CV-60 con la AP-7 y la conexi\u00f3n ferroviaria con D\u00e9nia. Esta reuni\u00f3n, que incluy\u00f3 la participaci\u00f3n del conseller de Medi Ambient, Infraestructures i Territori, Vicente Mart\u00ednez,&#8230;<\/p>\n","protected":false},"author":1,"featured_media":4845,"comment_status":"open","ping_status":"open","sticky":false,"template":"","format":"standard","meta":{"footnotes":""},"categories":[1,27],"tags":[],"class_list":["post-4844","post","type-post","status-publish","format-standard","has-post-thumbnail","hentry","category-actualidad","category-sociedad"],"_links":{"self":[{"href":"https:\/\/infogandia.es\/index.php\/wp-json\/wp\/v2\/posts\/4844","targetHints":{"allow":["GET"]}}],"collection":[{"href":"https:\/\/infogandia.es\/index.php\/wp-json\/wp\/v2\/posts"}],"about":[{"href":"https:\/\/infogandia.es\/index.php\/wp-json\/wp\/v2\/types\/post"}],"author":[{"embeddable":true,"href":"https:\/\/infogandia.es\/index.php\/wp-json\/wp\/v2\/users\/1"}],"replies":[{"embeddable":true,"href":"https:\/\/infogandia.es\/index.php\/wp-json\/wp\/v2\/comments?post=4844"}],"version-history":[{"count":1,"href":"https:\/\/infogandia.es\/index.php\/wp-json\/wp\/v2\/posts\/4844\/revisions"}],"predecessor-version":[{"id":4846,"href":"https:\/\/infogandia.es\/index.php\/wp-json\/wp\/v2\/posts\/4844\/revisions\/4846"}],"wp:featuredmedia":[{"embeddable":true,"href":"https:\/\/infogandia.es\/index.php\/wp-json\/wp\/v2\/media\/4845"}],"wp:attachment":[{"href":"https:\/\/infogandia.es\/index.php\/wp-json\/wp\/v2\/media?parent=4844"}],"wp:term":[{"taxonomy":"category","embeddable":true,"href":"https:\/\/infogandia.es\/index.php\/wp-json\/wp\/v2\/categories?post=4844"},{"taxonomy":"post_tag","embeddable":true,"href":"https:\/\/infogandia.es\/index.php\/wp-json\/wp\/v2\/tags?post=4844"}],"curies":[{"name":"wp","href":"https:\/\/api.w.org\/{rel}","templated":true}]}}