{"id":4881,"date":"2024-10-25T08:39:31","date_gmt":"2024-10-25T08:39:31","guid":{"rendered":"https:\/\/infogandia.es\/?p=4881"},"modified":"2024-10-25T08:39:37","modified_gmt":"2024-10-25T08:39:37","slug":"santiago-canizares-apadrinara-la-xi-volta-a-peu-espurna","status":"publish","type":"post","link":"https:\/\/infogandia.es\/index.php\/2024\/10\/25\/santiago-canizares-apadrinara-la-xi-volta-a-peu-espurna\/","title":{"rendered":"Santiago Ca\u00f1izares apadrinar\u00e1 la XI Volta a Peu Espurna"},"content":{"rendered":"\n<ul class=\"wp-block-list\">\n<li><em>El ex guardameta internacional del Valencia CF visitar\u00e1 la Fundaci\u00f3n el 26 de noviembre para presentar el evento<\/em><\/li>\n\n\n\n<li><em>La carrera se celebrar\u00e1 el 3 de Diciembre coincidiendo con el D\u00eda Internacional de las Personas con Discapacidad\u00a0<\/em><\/li>\n<\/ul>\n\n\n\n<p>La XI edici\u00f3n de la <strong>Volta a Peu Espurna<\/strong>&nbsp;contar\u00e1 con el apadrinamiento del ex guardameta internacional del Valencia CF, <strong>Santiago Ca\u00f1izares<\/strong>, tal y como ha confirmado el comit\u00e9 organizador de este evento que abandera la inclusi\u00f3n en el deporte como veh\u00edculo integrador de las personas con discapacidad intelectual. Ca\u00f1izares ha confirmado su presencia en la presentaci\u00f3n oficial de la prueba que tendr\u00e1 lugar el 26 de noviembre, una semana antes de la disputa de la carrera prevista para el 3 de Diciembre, coincidiendo con el <strong>D\u00eda Internacional de las Personas con Discapacidad.<\/strong><\/p>\n\n\n\n<p>Ca\u00f1izares se une de esta manera a la ilustre n\u00f3mina de deportistas y personalidades que han apadrinado la carrera de la fundaci\u00f3n que preside Charo Sabater. El ex seleccionador espa\u00f1ol <strong>Vicente del Bosque<\/strong>, los medallistas paral\u00edmpicos <strong>Kim L\u00f3pez<\/strong>\u00a0y <strong>H\u00e9ctor Cabrera<\/strong>, los futbolistas <strong>Pere Marco y Mauro Melo<\/strong>, la baloncestista <strong>Irene Gar\u00ed<\/strong>, el periodista <strong>Pedro Morata<\/strong>\u00a0o la ministra <strong>Diana Morant<\/strong>\u00a0han sido algunas de las figuras que han ayudado con su presencia, no s\u00f3lo a ilusionar a los participantes, sino tambi\u00e9n a dar visibilidad a la prueba y a sus valores y al mismo tiempo a respaldar el trabajo de quienes la organizan o participan en ella.\u00a0<\/p>\n\n\n\n<figure class=\"wp-block-image size-full\"><img fetchpriority=\"high\" decoding=\"async\" width=\"1024\" height=\"682\" src=\"https:\/\/infogandia.es\/wp-content\/uploads\/2024\/10\/descarga-1024x682-1.png\" alt=\"\" class=\"wp-image-4883\" srcset=\"https:\/\/infogandia.es\/wp-content\/uploads\/2024\/10\/descarga-1024x682-1.png 1024w, https:\/\/infogandia.es\/wp-content\/uploads\/2024\/10\/descarga-1024x682-1-300x200.png 300w, https:\/\/infogandia.es\/wp-content\/uploads\/2024\/10\/descarga-1024x682-1-768x512.png 768w, https:\/\/infogandia.es\/wp-content\/uploads\/2024\/10\/descarga-1024x682-1-600x400.png 600w\" sizes=\"(max-width: 1024px) 100vw, 1024px\" \/><\/figure>\n\n\n\n<p>La particularidad de la Volta a Peu Espurna es que los corredores con discapacidad intelectual que participan en ella lo hacen junto a un acompa\u00f1ante que comparte con ellos la experiencia de correr por las calles de la ciudad. Ese d\u00eda, los centros escolares organizan grupos de animaci\u00f3n que llenan el recorrido que transcurre por el centro hist\u00f3rico y que convierten la jornada en una fiesta de la inclusi\u00f3n.<\/p>\n\n\n\n<p><strong>Santiago Ca\u00f1izares <\/strong>es una figura emblem\u00e1tica del mejor Valencia de la historia. Su palmar\u00e9s con el club de Mestalla es rutilante: Campe\u00f3n de Liga (2), Copa de la UEFA, Copa del Rey (2), Supercopa de Europa y de Espa\u00f1a y hasta en dos ocasiones consecutivas finalista de la Champions League. Tambi\u00e9n fue campe\u00f3n ol\u00edmpico en Barcelona 92 y acumul\u00f3 m\u00e1s t\u00edtulos en su etapa con el Real Madrid, entre ellos una Liga de Campeones y dos ligas. Fue premiado hasta en 4 ocasiones con el Zamora al portero menos goleado. En la actualidad es comentarista en Radio Marca, Cope y Movistar Plus.&nbsp;<\/p>\n","protected":false},"excerpt":{"rendered":"<p>La XI edici\u00f3n de la Volta a Peu Espurna&nbsp;contar\u00e1 con el apadrinamiento del ex guardameta internacional del Valencia CF, Santiago Ca\u00f1izares, tal y como ha confirmado el comit\u00e9 organizador de este evento que abandera la inclusi\u00f3n en el deporte como veh\u00edculo integrador de las personas con discapacidad intelectual. Ca\u00f1izares ha confirmado su presencia en la&#8230;<\/p>\n","protected":false},"author":1,"featured_media":4882,"comment_status":"open","ping_status":"open","sticky":false,"template":"","format":"standard","meta":{"footnotes":""},"categories":[1,27],"tags":[],"class_list":["post-4881","post","type-post","status-publish","format-standard","has-post-thumbnail","hentry","category-actualidad","category-sociedad"],"_links":{"self":[{"href":"https:\/\/infogandia.es\/index.php\/wp-json\/wp\/v2\/posts\/4881","targetHints":{"allow":["GET"]}}],"collection":[{"href":"https:\/\/infogandia.es\/index.php\/wp-json\/wp\/v2\/posts"}],"about":[{"href":"https:\/\/infogandia.es\/index.php\/wp-json\/wp\/v2\/types\/post"}],"author":[{"embeddable":true,"href":"https:\/\/infogandia.es\/index.php\/wp-json\/wp\/v2\/users\/1"}],"replies":[{"embeddable":true,"href":"https:\/\/infogandia.es\/index.php\/wp-json\/wp\/v2\/comments?post=4881"}],"version-history":[{"count":1,"href":"https:\/\/infogandia.es\/index.php\/wp-json\/wp\/v2\/posts\/4881\/revisions"}],"predecessor-version":[{"id":4884,"href":"https:\/\/infogandia.es\/index.php\/wp-json\/wp\/v2\/posts\/4881\/revisions\/4884"}],"wp:featuredmedia":[{"embeddable":true,"href":"https:\/\/infogandia.es\/index.php\/wp-json\/wp\/v2\/media\/4882"}],"wp:attachment":[{"href":"https:\/\/infogandia.es\/index.php\/wp-json\/wp\/v2\/media?parent=4881"}],"wp:term":[{"taxonomy":"category","embeddable":true,"href":"https:\/\/infogandia.es\/index.php\/wp-json\/wp\/v2\/categories?post=4881"},{"taxonomy":"post_tag","embeddable":true,"href":"https:\/\/infogandia.es\/index.php\/wp-json\/wp\/v2\/tags?post=4881"}],"curies":[{"name":"wp","href":"https:\/\/api.w.org\/{rel}","templated":true}]}}