{"id":4897,"date":"2024-10-28T17:16:50","date_gmt":"2024-10-28T17:16:50","guid":{"rendered":"https:\/\/infogandia.es\/?p=4897"},"modified":"2024-10-28T17:16:50","modified_gmt":"2024-10-28T17:16:50","slug":"el-xiii-festival-solidario-alma-de-acero-supero-las-expectativas-en-un-fin-de-semana-de-musica-y-solidaridad","status":"publish","type":"post","link":"https:\/\/infogandia.es\/index.php\/2024\/10\/28\/el-xiii-festival-solidario-alma-de-acero-supero-las-expectativas-en-un-fin-de-semana-de-musica-y-solidaridad\/","title":{"rendered":"El XIII Festival Solidario \u201cAlma de Acero\u201d Super\u00f3 las Expectativas en un Fin de Semana de M\u00fasica y Solidaridad"},"content":{"rendered":"\n<p>El pasado fin de semana, el municipio celebr\u00f3 con gran \u00e9xito el XIII Festival Solidario \u201cAlma de Acero\u201d, un evento que una vez m\u00e1s logr\u00f3 recaudar fondos para la asociaci\u00f3n Gaudim, dedicada a ayudar a ni\u00f1os y j\u00f3venes con diversidad funcional.<\/p>\n\n\n\n<p>En una entrevista previa al festival, Joan, representante de la organizaci\u00f3n, expres\u00f3 su entusiasmo: \u201cEl festival de Alma de Acero es uno de los acontecimientos musicales m\u00e1s importantes de la regi\u00f3n. Este a\u00f1o, contamos con la actuaci\u00f3n de ocho grupos de renombre, ofreciendo un fin de semana lleno de m\u00fasica y actividades para todos\u201d.<\/p>\n\n\n\n<figure class=\"wp-block-image size-large\"><img fetchpriority=\"high\" decoding=\"async\" width=\"1024\" height=\"1024\" src=\"https:\/\/infogandia.es\/wp-content\/uploads\/2024\/10\/464732400_18370800358108445_6242555058661401442_n-1024x1024.jpg\" alt=\"\" class=\"wp-image-4900\" srcset=\"https:\/\/infogandia.es\/wp-content\/uploads\/2024\/10\/464732400_18370800358108445_6242555058661401442_n-1024x1024.jpg 1024w, https:\/\/infogandia.es\/wp-content\/uploads\/2024\/10\/464732400_18370800358108445_6242555058661401442_n-300x300.jpg 300w, https:\/\/infogandia.es\/wp-content\/uploads\/2024\/10\/464732400_18370800358108445_6242555058661401442_n-150x150.jpg 150w, https:\/\/infogandia.es\/wp-content\/uploads\/2024\/10\/464732400_18370800358108445_6242555058661401442_n-768x768.jpg 768w, https:\/\/infogandia.es\/wp-content\/uploads\/2024\/10\/464732400_18370800358108445_6242555058661401442_n.jpg 1440w\" sizes=\"(max-width: 1024px) 100vw, 1024px\" \/><\/figure>\n\n\n\n<p>Desde el s\u00e1bado a las 10 de la ma\u00f1ana, los asistentes disfrutaron de una amplia variedad de actividades, que incluyeron talleres infantiles de Halloween y un concurso de paellas, con la participaci\u00f3n del famoso chef Amadeo, quien prepar\u00f3 una paella para 150 personas. La m\u00fasica en vivo complement\u00f3 la jornada, creando un ambiente festivo y solidario.<\/p>\n\n\n\n<p>El festival no solo se centr\u00f3 en la m\u00fasica, sino que tambi\u00e9n uni\u00f3 a la comunidad en torno a una causa solidaria. Joan destac\u00f3 la colaboraci\u00f3n de todos los involucrados: <strong><em>\u201cCada a\u00f1o, la respuesta de los artistas y la comunidad es abrumadora. Todos quieren ser parte de esta familia y ayudar a los ni\u00f1os que m\u00e1s lo necesitan\u201d.<\/em><\/strong><\/p>\n\n\n\n<p>A pesar de la coincidencia con la Feria del Motor del Ayuntamiento, que gener\u00f3 ciertas preocupaciones sobre la planificaci\u00f3n y coordinaci\u00f3n de eventos en la ciudad, la organizaci\u00f3n se mostr\u00f3 optimista y logr\u00f3 garantizar que todos los asistentes disfrutaran del festival sin inconvenientes.<\/p>\n\n\n\n<p>La recaudaci\u00f3n del festival se destinar\u00e1 a mejorar las instalaciones de la asociaci\u00f3n Gaudim, creando un espacio m\u00e1s adecuado para el desarrollo de actividades educativas y recreativas para los ni\u00f1os y j\u00f3venes que apoyan. <strong><em>\u201cEl festival es una oportunidad para que todos aporten un granito de arena. Cada euro cuenta\u201d<\/em><\/strong>, record\u00f3 Joan.<\/p>\n\n\n\n<p>El XIII Festival Solidario \u201cAlma de Acero\u201d, que tuvo lugar los d\u00edas 26 y 27 de octubre en el Grau de Gandia, demostr\u00f3 ser un evento de gran calado en la comunidad, con un cartel lleno de talento y una noble causa que reuni\u00f3 a cientos de personas en apoyo a esta iniciativa.<\/p>\n\n\n\n<figure class=\"wp-block-image size-large\"><img decoding=\"async\" width=\"1024\" height=\"683\" src=\"https:\/\/infogandia.es\/wp-content\/uploads\/2024\/10\/241026-frances_241026_8728-1024x683.jpg\" alt=\"\" class=\"wp-image-4899\" srcset=\"https:\/\/infogandia.es\/wp-content\/uploads\/2024\/10\/241026-frances_241026_8728-1024x683.jpg 1024w, https:\/\/infogandia.es\/wp-content\/uploads\/2024\/10\/241026-frances_241026_8728-300x200.jpg 300w, https:\/\/infogandia.es\/wp-content\/uploads\/2024\/10\/241026-frances_241026_8728-768x512.jpg 768w, https:\/\/infogandia.es\/wp-content\/uploads\/2024\/10\/241026-frances_241026_8728-600x400.jpg 600w, https:\/\/infogandia.es\/wp-content\/uploads\/2024\/10\/241026-frances_241026_8728.jpg 1280w\" sizes=\"(max-width: 1024px) 100vw, 1024px\" \/><\/figure>\n","protected":false},"excerpt":{"rendered":"<p>El pasado fin de semana, el municipio celebr\u00f3 con gran \u00e9xito el XIII Festival Solidario \u201cAlma de Acero\u201d, un evento que una vez m\u00e1s logr\u00f3 recaudar fondos para la asociaci\u00f3n Gaudim, dedicada a ayudar a ni\u00f1os y j\u00f3venes con diversidad funcional. En una entrevista previa al festival, Joan, representante de la organizaci\u00f3n, expres\u00f3 su entusiasmo:&#8230;<\/p>\n","protected":false},"author":1,"featured_media":4898,"comment_status":"open","ping_status":"open","sticky":false,"template":"","format":"standard","meta":{"footnotes":""},"categories":[1,27],"tags":[],"class_list":["post-4897","post","type-post","status-publish","format-standard","has-post-thumbnail","hentry","category-actualidad","category-sociedad"],"_links":{"self":[{"href":"https:\/\/infogandia.es\/index.php\/wp-json\/wp\/v2\/posts\/4897","targetHints":{"allow":["GET"]}}],"collection":[{"href":"https:\/\/infogandia.es\/index.php\/wp-json\/wp\/v2\/posts"}],"about":[{"href":"https:\/\/infogandia.es\/index.php\/wp-json\/wp\/v2\/types\/post"}],"author":[{"embeddable":true,"href":"https:\/\/infogandia.es\/index.php\/wp-json\/wp\/v2\/users\/1"}],"replies":[{"embeddable":true,"href":"https:\/\/infogandia.es\/index.php\/wp-json\/wp\/v2\/comments?post=4897"}],"version-history":[{"count":1,"href":"https:\/\/infogandia.es\/index.php\/wp-json\/wp\/v2\/posts\/4897\/revisions"}],"predecessor-version":[{"id":4901,"href":"https:\/\/infogandia.es\/index.php\/wp-json\/wp\/v2\/posts\/4897\/revisions\/4901"}],"wp:featuredmedia":[{"embeddable":true,"href":"https:\/\/infogandia.es\/index.php\/wp-json\/wp\/v2\/media\/4898"}],"wp:attachment":[{"href":"https:\/\/infogandia.es\/index.php\/wp-json\/wp\/v2\/media?parent=4897"}],"wp:term":[{"taxonomy":"category","embeddable":true,"href":"https:\/\/infogandia.es\/index.php\/wp-json\/wp\/v2\/categories?post=4897"},{"taxonomy":"post_tag","embeddable":true,"href":"https:\/\/infogandia.es\/index.php\/wp-json\/wp\/v2\/tags?post=4897"}],"curies":[{"name":"wp","href":"https:\/\/api.w.org\/{rel}","templated":true}]}}