{"id":4911,"date":"2024-10-29T11:21:45","date_gmt":"2024-10-29T11:21:45","guid":{"rendered":"https:\/\/infogandia.es\/?p=4911"},"modified":"2024-10-29T11:22:09","modified_gmt":"2024-10-29T11:22:09","slug":"vicky-bordes-sustituira-a-elena-blanco-como-alcaldesa-de-benirredra","status":"publish","type":"post","link":"https:\/\/infogandia.es\/index.php\/2024\/10\/29\/vicky-bordes-sustituira-a-elena-blanco-como-alcaldesa-de-benirredra\/","title":{"rendered":"Vicky Bordes sustituir\u00e1 a Elena Blanco como alcaldesa de Benirredr\u00e0"},"content":{"rendered":"\n<p>La concejala socialista Vicky Bordes est\u00e1 a punto de asumir la alcald\u00eda de Benirredr\u00e0, tras la renuncia de Elena Blanco por motivos personales. Si todo transcurre seg\u00fan lo previsto, este jueves 31 de octubre, a las 13 horas, se celebrar\u00e1 un pleno extraordinario en el sal\u00f3n de la Casa Consistorial, donde se llevar\u00e1 a cabo la elecci\u00f3n de la nueva alcaldesa.<\/p>\n\n\n\n<p>El Ayuntamiento de Benirredr\u00e0 ha convocado este pleno con un \u00fanico punto en el orden del d\u00eda: la elecci\u00f3n de un nuevo alcalde o alcaldesa. Todo indica que la actual concejala ser\u00e1 la encargada de tomar el relevo, asumiendo la vara de mando de la localidad.<\/p>\n\n\n\n<p>Desde el consistorio benirredrano se destaca que los plenos son abiertos a la ciudadan\u00eda, lo que permite a los vecinos y vecinas participar y seguir de cerca el desarrollo de la pol\u00edtica local. La asunci\u00f3n de Vicky Bordes representa un cambio significativo en la gesti\u00f3n del municipio y ser\u00e1 una oportunidad para que la comunidad se involucre en este nuevo cap\u00edtulo.<\/p>\n\n\n\n<p>El anuncio de la renuncia de Elena Blanco ha generado inter\u00e9s en la localidad, y muchos esperan que Bordes, con su experiencia y dedicaci\u00f3n, contin\u00fae trabajando por el bienestar de Benirredr\u00e0. La concejala ha manifestado su compromiso con la comunidad y su intenci\u00f3n de mantener un gobierno cercano y participativo.<\/p>\n\n\n\n<p>Los ciudadanos de Benirredr\u00e0 est\u00e1n invitados a asistir al pleno y ser testigos de este momento crucial para el futuro del municipio.<\/p>\n","protected":false},"excerpt":{"rendered":"<p>La concejala socialista Vicky Bordes est\u00e1 a punto de asumir la alcald\u00eda de Benirredr\u00e0, tras la renuncia de Elena Blanco por motivos personales. Si todo transcurre seg\u00fan lo previsto, este jueves 31 de octubre, a las 13 horas, se celebrar\u00e1 un pleno extraordinario en el sal\u00f3n de la Casa Consistorial, donde se llevar\u00e1 a cabo&#8230;<\/p>\n","protected":false},"author":1,"featured_media":4912,"comment_status":"open","ping_status":"open","sticky":false,"template":"","format":"standard","meta":{"footnotes":""},"categories":[1,27],"tags":[],"class_list":["post-4911","post","type-post","status-publish","format-standard","has-post-thumbnail","hentry","category-actualidad","category-sociedad"],"_links":{"self":[{"href":"https:\/\/infogandia.es\/index.php\/wp-json\/wp\/v2\/posts\/4911","targetHints":{"allow":["GET"]}}],"collection":[{"href":"https:\/\/infogandia.es\/index.php\/wp-json\/wp\/v2\/posts"}],"about":[{"href":"https:\/\/infogandia.es\/index.php\/wp-json\/wp\/v2\/types\/post"}],"author":[{"embeddable":true,"href":"https:\/\/infogandia.es\/index.php\/wp-json\/wp\/v2\/users\/1"}],"replies":[{"embeddable":true,"href":"https:\/\/infogandia.es\/index.php\/wp-json\/wp\/v2\/comments?post=4911"}],"version-history":[{"count":1,"href":"https:\/\/infogandia.es\/index.php\/wp-json\/wp\/v2\/posts\/4911\/revisions"}],"predecessor-version":[{"id":4913,"href":"https:\/\/infogandia.es\/index.php\/wp-json\/wp\/v2\/posts\/4911\/revisions\/4913"}],"wp:featuredmedia":[{"embeddable":true,"href":"https:\/\/infogandia.es\/index.php\/wp-json\/wp\/v2\/media\/4912"}],"wp:attachment":[{"href":"https:\/\/infogandia.es\/index.php\/wp-json\/wp\/v2\/media?parent=4911"}],"wp:term":[{"taxonomy":"category","embeddable":true,"href":"https:\/\/infogandia.es\/index.php\/wp-json\/wp\/v2\/categories?post=4911"},{"taxonomy":"post_tag","embeddable":true,"href":"https:\/\/infogandia.es\/index.php\/wp-json\/wp\/v2\/tags?post=4911"}],"curies":[{"name":"wp","href":"https:\/\/api.w.org\/{rel}","templated":true}]}}