{"id":4946,"date":"2024-10-30T11:31:46","date_gmt":"2024-10-30T11:31:46","guid":{"rendered":"https:\/\/infogandia.es\/?p=4946"},"modified":"2024-10-30T11:44:39","modified_gmt":"2024-10-30T11:44:39","slug":"el-pp-de-oliva-exige-responsabilidades-a-la-alcaldesa-por-no-suspender-las-clases-durante-la-alerta-roja","status":"publish","type":"post","link":"https:\/\/infogandia.es\/index.php\/2024\/10\/30\/el-pp-de-oliva-exige-responsabilidades-a-la-alcaldesa-por-no-suspender-las-clases-durante-la-alerta-roja\/","title":{"rendered":"El PP de Oliva exige responsabilidades a la alcaldesa por no suspender las clases durante la alerta roja"},"content":{"rendered":"\n<p>El portavoz del Partido Popular en Oliva, Germ\u00e1n Salazar Pardo, ha criticado duramente al gobierno local, liderado por la alcaldesa Yolanda Pastor Bolo de Projecte Oliva (PRO) y UCIN, por no haber suspendido las clases ayer a pesar de la alerta roja de riesgo extremo emitida por la Agencia de Seguridad y Emergencias de la Generalitat Valenciana.<\/p>\n\n\n\n<p>Salazar ha denunciado que en un comunicado oficial, el gobierno municipal afirm\u00f3 que los ni\u00f1os hab\u00edan entrado a clase bajo alerta amarilla, cuando en realidad hab\u00eda un nivel rojo de riesgo. &#8220;<strong><em>Es inaceptable que, con un aviso de emergencia tan claro, el gobierno de Oliva haya decidido ignorarlo, exponiendo a muchas personas, especialmente a los m\u00e1s peque\u00f1os, a riesgos innecesarios&#8221;<\/em><\/strong>, afirm\u00f3 el portavoz.<\/p>\n\n\n\n<p>El PP tambi\u00e9n destac\u00f3 que en municipios vecinos, las autoridades actuaron con responsabilidad al suspender actividades programadas para priorizar la seguridad de sus habitantes. En contraste, Salazar enfatiz\u00f3 que en Oliva se opt\u00f3 por la inacci\u00f3n, lo que podr\u00eda haber puesto en peligro a los ciudadanos.<\/p>\n\n\n\n<figure class=\"wp-block-image size-large\"><img fetchpriority=\"high\" decoding=\"async\" width=\"1024\" height=\"748\" src=\"https:\/\/infogandia.es\/wp-content\/uploads\/2024\/10\/FOTO1-1-1024x748.jpg\" alt=\"\" class=\"wp-image-4948\" srcset=\"https:\/\/infogandia.es\/wp-content\/uploads\/2024\/10\/FOTO1-1-1024x748.jpg 1024w, https:\/\/infogandia.es\/wp-content\/uploads\/2024\/10\/FOTO1-1-300x219.jpg 300w, https:\/\/infogandia.es\/wp-content\/uploads\/2024\/10\/FOTO1-1-768x561.jpg 768w, https:\/\/infogandia.es\/wp-content\/uploads\/2024\/10\/FOTO1-1-1536x1123.jpg 1536w, https:\/\/infogandia.es\/wp-content\/uploads\/2024\/10\/FOTO1-1.jpg 1772w\" sizes=\"(max-width: 1024px) 100vw, 1024px\" \/><\/figure>\n\n\n\n<p>El portavoz record\u00f3 que, aunque no lloviera en Oliva, las lluvias en zonas interiores podr\u00edan causar desbordamientos en r\u00edos cercanos, lo que representar\u00eda un grave peligro. Adem\u00e1s, critic\u00f3 a la alcaldesa por actualizar sus declaraciones en la web del Ayuntamiento, inicialmente afirmando que los alumnos hab\u00edan entrado en alerta amarilla y luego rectificando a que lo hicieron &#8220;tranquilamente&#8221;.<\/p>\n\n\n\n<p><strong><em>&#8220;Esta falta de previsi\u00f3n y compromiso con la ciudadan\u00eda es alarmante&#8221;,<\/em><\/strong> declar\u00f3 Salazar, quien exigi\u00f3 explicaciones inmediatas y una revisi\u00f3n de los protocolos de actuaci\u00f3n ante emergencias. El Partido Popular concluye su denuncia instando al equipo de PRO y UCIN a reflexionar, pedir perd\u00f3n por sus errores y actuar con la diligencia que los ciudadanos de Oliva merecen en futuras emergencias.<\/p>\n","protected":false},"excerpt":{"rendered":"<p>El portavoz del Partido Popular en Oliva, Germ\u00e1n Salazar Pardo, ha criticado duramente al gobierno local, liderado por la alcaldesa Yolanda Pastor Bolo de Projecte Oliva (PRO) y UCIN, por no haber suspendido las clases ayer a pesar de la alerta roja de riesgo extremo emitida por la Agencia de Seguridad y Emergencias de la&#8230;<\/p>\n","protected":false},"author":1,"featured_media":4947,"comment_status":"open","ping_status":"open","sticky":false,"template":"","format":"standard","meta":{"footnotes":""},"categories":[1,27],"tags":[],"class_list":["post-4946","post","type-post","status-publish","format-standard","has-post-thumbnail","hentry","category-actualidad","category-sociedad"],"_links":{"self":[{"href":"https:\/\/infogandia.es\/index.php\/wp-json\/wp\/v2\/posts\/4946","targetHints":{"allow":["GET"]}}],"collection":[{"href":"https:\/\/infogandia.es\/index.php\/wp-json\/wp\/v2\/posts"}],"about":[{"href":"https:\/\/infogandia.es\/index.php\/wp-json\/wp\/v2\/types\/post"}],"author":[{"embeddable":true,"href":"https:\/\/infogandia.es\/index.php\/wp-json\/wp\/v2\/users\/1"}],"replies":[{"embeddable":true,"href":"https:\/\/infogandia.es\/index.php\/wp-json\/wp\/v2\/comments?post=4946"}],"version-history":[{"count":1,"href":"https:\/\/infogandia.es\/index.php\/wp-json\/wp\/v2\/posts\/4946\/revisions"}],"predecessor-version":[{"id":4949,"href":"https:\/\/infogandia.es\/index.php\/wp-json\/wp\/v2\/posts\/4946\/revisions\/4949"}],"wp:featuredmedia":[{"embeddable":true,"href":"https:\/\/infogandia.es\/index.php\/wp-json\/wp\/v2\/media\/4947"}],"wp:attachment":[{"href":"https:\/\/infogandia.es\/index.php\/wp-json\/wp\/v2\/media?parent=4946"}],"wp:term":[{"taxonomy":"category","embeddable":true,"href":"https:\/\/infogandia.es\/index.php\/wp-json\/wp\/v2\/categories?post=4946"},{"taxonomy":"post_tag","embeddable":true,"href":"https:\/\/infogandia.es\/index.php\/wp-json\/wp\/v2\/tags?post=4946"}],"curies":[{"name":"wp","href":"https:\/\/api.w.org\/{rel}","templated":true}]}}