{"id":4950,"date":"2024-10-30T15:41:19","date_gmt":"2024-10-30T15:41:19","guid":{"rendered":"https:\/\/infogandia.es\/?p=4950"},"modified":"2024-10-30T15:41:20","modified_gmt":"2024-10-30T15:41:20","slug":"gandia-se-solidariza-con-los-afectados-por-la-dana-y-ofrece-su-apoyo-a-los-municipios-en-emergencia","status":"publish","type":"post","link":"https:\/\/infogandia.es\/index.php\/2024\/10\/30\/gandia-se-solidariza-con-los-afectados-por-la-dana-y-ofrece-su-apoyo-a-los-municipios-en-emergencia\/","title":{"rendered":"Gandia se solidariza con los afectados por la DANA y ofrece su apoyo a los municipios en emergencia"},"content":{"rendered":"\n<p>El alcalde de Gandia, Jos\u00e9 Manuel Prieto, ha expresado esta ma\u00f1ana la disposici\u00f3n del municipio para ayudar a las personas y localidades que enfrentan una situaci\u00f3n de emergencia tras los recientes desastres naturales. Prieto ha afirmado: <strong><em>&#8220;Nuestra voluntad de ayuda est\u00e1 con ellos, y nos ponemos a la disposici\u00f3n de la Generalitat Valenciana, de los municipios afectados y de todas las personas que desde Gandia podamos ayudar&#8221;.<\/em><\/strong><\/p>\n\n\n\n<p>El alcalde ha informado que el Centro de Coordinaci\u00f3n de Emergencias 112 de la Generalitat mantiene el aviso rojo en la ciudad, y ha tomado medidas excepcionales ante el riesgo de fuertes lluvias, como la suspensi\u00f3n de clases y el cierre de instalaciones deportivas y del cementerio municipal.<\/p>\n\n\n\n<p>Prieto ha aclarado que la decisi\u00f3n de cerrar estas instalaciones no se basa en la probabilidad de lluvia, sino en un aviso de Protecci\u00f3n Civil que instaba a evitar desplazamientos innecesarios. &#8220;<strong><em>Es crucial evitar el gran volumen de desplazamientos que se producen en d\u00edas lectivos, no solo dentro de la ciudad, sino en toda la comarca&#8221;<\/em><\/strong>, ha destacado.<\/p>\n\n\n\n<p>El alcalde ha reiterado el compromiso de su administraci\u00f3n en garantizar la protecci\u00f3n de todos los ciudadanos, enfatizando la importancia de informarse a trav\u00e9s de los canales oficiales y de seguir las instrucciones de las autoridades competentes.<\/p>\n\n\n\n<p>Adem\u00e1s, Prieto ha expresado su agradecimiento a la ciudadan\u00eda por su comprensi\u00f3n y comportamiento, as\u00ed como a los cuerpos de seguridad y brigadas municipales que han estado trabajando desde el primer momento en la gesti\u00f3n de la emergencia.<\/p>\n\n\n\n<p>En un acto de homenaje, esta ma\u00f1ana se ha guardado un minuto de silencio convocado por la Federaci\u00f3n Espa\u00f1ola de Municipios y Provincias, en el que participaron Prieto y otros miembros de la corporaci\u00f3n municipal, en memoria de las v\u00edctimas y en apoyo a sus familias, as\u00ed como en esperanza por la localizaci\u00f3n de las personas desaparecidas y en consideraci\u00f3n a quienes han perdido sus hogares a causa del temporal.<\/p>\n","protected":false},"excerpt":{"rendered":"<p>El alcalde de Gandia, Jos\u00e9 Manuel Prieto, ha expresado esta ma\u00f1ana la disposici\u00f3n del municipio para ayudar a las personas y localidades que enfrentan una situaci\u00f3n de emergencia tras los recientes desastres naturales. Prieto ha afirmado: &#8220;Nuestra voluntad de ayuda est\u00e1 con ellos, y nos ponemos a la disposici\u00f3n de la Generalitat Valenciana, de los&#8230;<\/p>\n","protected":false},"author":1,"featured_media":4951,"comment_status":"open","ping_status":"open","sticky":false,"template":"","format":"standard","meta":{"footnotes":""},"categories":[1,27],"tags":[],"class_list":["post-4950","post","type-post","status-publish","format-standard","has-post-thumbnail","hentry","category-actualidad","category-sociedad"],"_links":{"self":[{"href":"https:\/\/infogandia.es\/index.php\/wp-json\/wp\/v2\/posts\/4950","targetHints":{"allow":["GET"]}}],"collection":[{"href":"https:\/\/infogandia.es\/index.php\/wp-json\/wp\/v2\/posts"}],"about":[{"href":"https:\/\/infogandia.es\/index.php\/wp-json\/wp\/v2\/types\/post"}],"author":[{"embeddable":true,"href":"https:\/\/infogandia.es\/index.php\/wp-json\/wp\/v2\/users\/1"}],"replies":[{"embeddable":true,"href":"https:\/\/infogandia.es\/index.php\/wp-json\/wp\/v2\/comments?post=4950"}],"version-history":[{"count":1,"href":"https:\/\/infogandia.es\/index.php\/wp-json\/wp\/v2\/posts\/4950\/revisions"}],"predecessor-version":[{"id":4952,"href":"https:\/\/infogandia.es\/index.php\/wp-json\/wp\/v2\/posts\/4950\/revisions\/4952"}],"wp:featuredmedia":[{"embeddable":true,"href":"https:\/\/infogandia.es\/index.php\/wp-json\/wp\/v2\/media\/4951"}],"wp:attachment":[{"href":"https:\/\/infogandia.es\/index.php\/wp-json\/wp\/v2\/media?parent=4950"}],"wp:term":[{"taxonomy":"category","embeddable":true,"href":"https:\/\/infogandia.es\/index.php\/wp-json\/wp\/v2\/categories?post=4950"},{"taxonomy":"post_tag","embeddable":true,"href":"https:\/\/infogandia.es\/index.php\/wp-json\/wp\/v2\/tags?post=4950"}],"curies":[{"name":"wp","href":"https:\/\/api.w.org\/{rel}","templated":true}]}}