{"id":4956,"date":"2024-10-31T13:58:21","date_gmt":"2024-10-31T13:58:21","guid":{"rendered":"https:\/\/infogandia.es\/?p=4956"},"modified":"2024-10-31T13:58:21","modified_gmt":"2024-10-31T13:58:21","slug":"minuto-de-silencio-en-apoyo-a-las-familias-afectadas-por-la-dana","status":"publish","type":"post","link":"https:\/\/infogandia.es\/index.php\/2024\/10\/31\/minuto-de-silencio-en-apoyo-a-las-familias-afectadas-por-la-dana\/","title":{"rendered":"Minuto de silencio en apoyo a las familias afectadas por la DANA"},"content":{"rendered":"\n<p>Este mediod\u00eda, la Corporaci\u00f3n Municipal, encabezada por el alcalde Jos\u00e9 Manuel Prieto, ha llevado a cabo un minuto de silencio en se\u00f1al de apoyo a las familias afectadas por la DANA. La convocatoria de este acto se realiz\u00f3 mediante un decreto de alcald\u00eda firmado esta ma\u00f1ana, que tambi\u00e9n establece la declaraci\u00f3n de tres d\u00edas de luto oficial desde las 00:00 horas de hoy, jueves, hasta las 24:00 horas del s\u00e1bado, 2 de noviembre de 2024.<\/p>\n\n\n\n<p>Durante este periodo, las banderas ondear\u00e1n a media asta y se suspender\u00e1n todos los actos organizados por el Ayuntamiento, en un gesto de respeto y solidaridad hacia las v\u00edctimas de esta tragedia.<\/p>\n","protected":false},"excerpt":{"rendered":"<p>Este mediod\u00eda, la Corporaci\u00f3n Municipal, encabezada por el alcalde Jos\u00e9 Manuel Prieto, ha llevado a cabo un minuto de silencio en se\u00f1al de apoyo a las familias afectadas por la DANA. La convocatoria de este acto se realiz\u00f3 mediante un decreto de alcald\u00eda firmado esta ma\u00f1ana, que tambi\u00e9n establece la declaraci\u00f3n de tres d\u00edas de&#8230;<\/p>\n","protected":false},"author":1,"featured_media":4957,"comment_status":"open","ping_status":"open","sticky":false,"template":"","format":"standard","meta":{"footnotes":""},"categories":[1],"tags":[],"class_list":["post-4956","post","type-post","status-publish","format-standard","has-post-thumbnail","hentry","category-actualidad"],"_links":{"self":[{"href":"https:\/\/infogandia.es\/index.php\/wp-json\/wp\/v2\/posts\/4956","targetHints":{"allow":["GET"]}}],"collection":[{"href":"https:\/\/infogandia.es\/index.php\/wp-json\/wp\/v2\/posts"}],"about":[{"href":"https:\/\/infogandia.es\/index.php\/wp-json\/wp\/v2\/types\/post"}],"author":[{"embeddable":true,"href":"https:\/\/infogandia.es\/index.php\/wp-json\/wp\/v2\/users\/1"}],"replies":[{"embeddable":true,"href":"https:\/\/infogandia.es\/index.php\/wp-json\/wp\/v2\/comments?post=4956"}],"version-history":[{"count":1,"href":"https:\/\/infogandia.es\/index.php\/wp-json\/wp\/v2\/posts\/4956\/revisions"}],"predecessor-version":[{"id":4958,"href":"https:\/\/infogandia.es\/index.php\/wp-json\/wp\/v2\/posts\/4956\/revisions\/4958"}],"wp:featuredmedia":[{"embeddable":true,"href":"https:\/\/infogandia.es\/index.php\/wp-json\/wp\/v2\/media\/4957"}],"wp:attachment":[{"href":"https:\/\/infogandia.es\/index.php\/wp-json\/wp\/v2\/media?parent=4956"}],"wp:term":[{"taxonomy":"category","embeddable":true,"href":"https:\/\/infogandia.es\/index.php\/wp-json\/wp\/v2\/categories?post=4956"},{"taxonomy":"post_tag","embeddable":true,"href":"https:\/\/infogandia.es\/index.php\/wp-json\/wp\/v2\/tags?post=4956"}],"curies":[{"name":"wp","href":"https:\/\/api.w.org\/{rel}","templated":true}]}}